{"id":72512,"date":"2025-12-06T21:15:00","date_gmt":"2025-12-06T18:15:00","guid":{"rendered":"https:\/\/www.egemtv.com\/?p=72512"},"modified":"2025-12-06T21:15:00","modified_gmt":"2025-12-06T18:15:00","slug":"aydinda-gocmen-kacakciligi-operasyonu","status":"publish","type":"post","link":"https:\/\/www.egemtv.com\/?p=72512","title":{"rendered":"Ayd\u0131n\u2019da g\u00f6\u00e7men ka\u00e7ak\u00e7\u0131l\u0131\u011f\u0131 operasyonu"},"content":{"rendered":"<p>Ayd\u0131n \u0130l Jandarma Komutanl\u0131\u011f\u0131 ve Sahil G\u00fcvenlik ekiplerinin m\u00fc\u015fterek \u00e7al\u0131\u015fmas\u0131yla G\u00fczel\u00e7aml\u0131 a\u00e7\u0131klar\u0131nda yasa d\u0131\u015f\u0131 g\u00f6\u00e7 giri\u015fimi engellendi, olayla ba\u011flant\u0131l\u0131 5 g\u00f6\u00e7men ka\u00e7ak\u00e7\u0131s\u0131 \u015f\u00fcphelisi yakaland\u0131.<br \/>\n<br \/>Ayd\u0131n \u0130l Jandarma Komutanl\u0131\u011f\u0131 ile Sahil G\u00fcvenlik Komutanl\u0131\u011f\u0131 ekipleri, g\u00f6\u00e7men ka\u00e7ak\u00e7\u0131l\u0131\u011f\u0131na y\u00f6nelik operasyon ger\u00e7ekle\u015ftirdi. Edinilen bilgiye g\u00f6re G\u00fczel\u00e7aml\u0131 Mahallesi a\u00e7\u0131klar\u0131nda devriye g\u00f6revini s\u00fcrd\u00fcren Sahil G\u00fcvenlik botu taraf\u0131ndan fiber motorlu bir tekne durduruldu. Yap\u0131lan kontrolde, teknenin yasa d\u0131\u015f\u0131 yollarla Yunanistan\u2019a ge\u00e7meye \u00e7al\u0131\u015fan 7 d\u00fczensiz g\u00f6\u00e7meni ta\u015f\u0131d\u0131\u011f\u0131 tespit edildi. Olayla ilgili olarak Cumhuriyet Savc\u0131l\u0131\u011f\u0131\u2019n\u0131n talimat\u0131yla geni\u015f kapsaml\u0131 soru\u015fturma ba\u015flat\u0131ld\u0131. Soru\u015fturma kapsam\u0131nda b\u00f6lgede yap\u0131lan PTS, HGS, KGS ve i\u015f yeri kamera g\u00f6r\u00fcnt\u00fcs\u00fc incelemelerinde, d\u00fczensiz g\u00f6\u00e7menlerin b\u00f6lgeye bir ara\u00e7la getirildi\u011fi, ard\u0131ndan birka\u00e7 ki\u015fi taraf\u0131ndan kar\u015f\u0131lanarak tekneye bindirildi\u011fi belirlendi. Bu y\u00f6ntemle organizasyonun planl\u0131 \u015fekilde ger\u00e7ekle\u015ftirildi\u011fi ortaya \u00e7\u0131kar\u0131ld\u0131. Yap\u0131lan \u00e7al\u0131\u015fmalar sonucunda olayla ba\u011flant\u0131l\u0131 oldu\u011fu tespit edilen 5 ayr\u0131 organizat\u00f6r \u015f\u00fcphelisinin kimlikleri tespit edildi. Operasyonda 1 adet tekne, 3 adet cep telefonu ve 4 adet can simidi ele ge\u00e7irildi. Yakalanan d\u00fczensiz g\u00f6\u00e7menler, i\u015flemlerinin tamamlanmas\u0131n\u0131n ard\u0131ndan D\u00fczensiz G\u00f6\u00e7men \u00d6n Kabul ve Sevk Merkezi\u2019ne (G\u00d6KSEM) teslim edilirken, g\u00f6zalt\u0131na al\u0131nan \u015f\u00fcpheliler ise gerekli i\u015flemlerinin ard\u0131ndan adliyeye sevk edildi.<br \/><\/p>\n","protected":false},"excerpt":{"rendered":"<p>Ayd\u0131n \u0130l Jandarma Komutanl\u0131\u011f\u0131 ve Sahil G\u00fcvenlik ekiplerinin m\u00fc\u015fterek \u00e7al\u0131\u015fmas\u0131yla G\u00fczel\u00e7aml\u0131 a\u00e7\u0131klar\u0131nda yasa d\u0131\u015f\u0131 g\u00f6\u00e7 giri\u015fimi engellendi, olayla ba\u011flant\u0131l\u0131 5 g\u00f6\u00e7men ka\u00e7ak\u00e7\u0131s\u0131 \u015f\u00fcphelisi yakaland\u0131. Ayd\u0131n \u0130l Jandarma Komutanl\u0131\u011f\u0131 ile Sahil G\u00fcvenlik Komutanl\u0131\u011f\u0131 ekipleri, g\u00f6\u00e7men ka\u00e7ak\u00e7\u0131l\u0131\u011f\u0131na y\u00f6nelik operasyon ger\u00e7ekle\u015ftirdi. Edinilen bilgiye g\u00f6re G\u00fczel\u00e7aml\u0131 Mahallesi a\u00e7\u0131klar\u0131nda devriye g\u00f6revini s\u00fcrd\u00fcren Sahil G\u00fcvenlik botu taraf\u0131ndan fiber motorlu bir tekne&#8230;<\/p>\n","protected":false},"author":1,"featured_media":72513,"comment_status":"open","ping_status":"open","sticky":false,"template":"","format":"standard","meta":{"_crdt_document":"","footnotes":""},"categories":[5],"tags":[],"class_list":["post-72512","post","type-post","status-publish","format-standard","has-post-thumbnail","hentry","category-asayis"],"_links":{"self":[{"href":"https:\/\/www.egemtv.com\/index.php?rest_route=\/wp\/v2\/posts\/72512","targetHints":{"allow":["GET"]}}],"collection":[{"href":"https:\/\/www.egemtv.com\/index.php?rest_route=\/wp\/v2\/posts"}],"about":[{"href":"https:\/\/www.egemtv.com\/index.php?rest_route=\/wp\/v2\/types\/post"}],"author":[{"embeddable":true,"href":"https:\/\/www.egemtv.com\/index.php?rest_route=\/wp\/v2\/users\/1"}],"replies":[{"embeddable":true,"href":"https:\/\/www.egemtv.com\/index.php?rest_route=%2Fwp%2Fv2%2Fcomments&post=72512"}],"version-history":[{"count":1,"href":"https:\/\/www.egemtv.com\/index.php?rest_route=\/wp\/v2\/posts\/72512\/revisions"}],"predecessor-version":[{"id":72514,"href":"https:\/\/www.egemtv.com\/index.php?rest_route=\/wp\/v2\/posts\/72512\/revisions\/72514"}],"wp:featuredmedia":[{"embeddable":true,"href":"https:\/\/www.egemtv.com\/index.php?rest_route=\/wp\/v2\/media\/72513"}],"wp:attachment":[{"href":"https:\/\/www.egemtv.com\/index.php?rest_route=%2Fwp%2Fv2%2Fmedia&parent=72512"}],"wp:term":[{"taxonomy":"category","embeddable":true,"href":"https:\/\/www.egemtv.com\/index.php?rest_route=%2Fwp%2Fv2%2Fcategories&post=72512"},{"taxonomy":"post_tag","embeddable":true,"href":"https:\/\/www.egemtv.com\/index.php?rest_route=%2Fwp%2Fv2%2Ftags&post=72512"}],"curies":[{"name":"wp","href":"https:\/\/api.w.org\/{rel}","templated":true}]}}