{"id":72509,"date":"2025-12-06T21:14:58","date_gmt":"2025-12-06T18:14:58","guid":{"rendered":"https:\/\/www.egemtv.com\/?p=72509"},"modified":"2025-12-06T21:15:00","modified_gmt":"2025-12-06T18:15:00","slug":"uc-yil-saklandi-kilerde-yakalandi","status":"publish","type":"post","link":"https:\/\/www.egemtv.com\/?p=72509","title":{"rendered":"\u00dc\u00e7 y\u0131l sakland\u0131, kilerde yakaland\u0131"},"content":{"rendered":"<p>Ayd\u0131n\u2019\u0131n Nazilli il\u00e7esinde yakla\u015f\u0131k 3 y\u0131ld\u0131r aranan ve hakk\u0131nda 9 y\u0131l 4 ay kesinle\u015fmi\u015f hapis cezas\u0131 bulunan firari \u015fah\u0131s, jandarman\u0131n d\u00fczenledi\u011fi operasyonda damad\u0131n\u0131n evindeki kilerde saklan\u0131rken yakaland\u0131.<br \/>\n<br \/>Ayd\u0131n genelinde \u00e7e\u015fitli su\u00e7lardan aranan \u015fah\u0131slar\u0131n yakalanmas\u0131na y\u00f6nelik y\u00fcr\u00fct\u00fclen \u00e7al\u0131\u015fmalar s\u00fcr\u00fcyor. Edinilen bilgiye g\u00f6re jandarma ekipleri, 3 y\u0131ld\u0131r firari konumda olan ve hakk\u0131nda 9 y\u0131l 4 ay kesinle\u015fmi\u015f hapise cezas\u0131 bulunan \u015f\u00fcphelinin Muammer Aksoy Mahallesi\u2019nde oldu\u011funu tespit etti. Harekete ge\u00e7en ekipler, adrese operasyon d\u00fczenledi. Yap\u0131lan ara\u015ft\u0131rma ve incelemelerde, yakla\u015f\u0131k 3 y\u0131ld\u0131r aranan firari \u015fahs\u0131n damad\u0131n\u0131n evinde gizlendi\u011fi ve evin kiler b\u00f6l\u00fcm\u00fcnde saklanarak izini kaybettirmeye \u00e7al\u0131\u015ft\u0131\u011f\u0131 belirlendi. \u015eahs\u0131n bu s\u00fcre\u00e7te uzun s\u00fcre farkl\u0131 kimlik bilgileri kullanarak ya\u015fam\u0131n\u0131 s\u00fcrd\u00fcrd\u00fc\u011f\u00fc de tespit edildi. Hakk\u0131nda, nitelikli h\u0131rs\u0131zl\u0131k, muhafaza alt\u0131na al\u0131nm\u0131\u015f e\u015fya hakk\u0131nda h\u0131rs\u0131zl\u0131k ve konut dokunulmazl\u0131\u011f\u0131n\u0131 ihlal su\u00e7lar\u0131ndan toplam 9 y\u0131l 4 ay kesinle\u015fmi\u015f hapis cezas\u0131 bulunan firari, yap\u0131lan aramada kiler odas\u0131nda yakalanarak g\u00f6zalt\u0131na al\u0131nd\u0131. G\u00f6zalt\u0131na al\u0131nan \u015fah\u0131s, gerekli i\u015flemlerinin ard\u0131ndan sevk edildi\u011fi adli makamlarca tutuklanarak cezaevine g\u00f6nderildi.<br \/><\/p>\n","protected":false},"excerpt":{"rendered":"<p>Ayd\u0131n\u2019\u0131n Nazilli il\u00e7esinde yakla\u015f\u0131k 3 y\u0131ld\u0131r aranan ve hakk\u0131nda 9 y\u0131l 4 ay kesinle\u015fmi\u015f hapis cezas\u0131 bulunan firari \u015fah\u0131s, jandarman\u0131n d\u00fczenledi\u011fi operasyonda damad\u0131n\u0131n evindeki kilerde saklan\u0131rken yakaland\u0131. Ayd\u0131n genelinde \u00e7e\u015fitli su\u00e7lardan aranan \u015fah\u0131slar\u0131n yakalanmas\u0131na y\u00f6nelik y\u00fcr\u00fct\u00fclen \u00e7al\u0131\u015fmalar s\u00fcr\u00fcyor. Edinilen bilgiye g\u00f6re jandarma ekipleri, 3 y\u0131ld\u0131r firari konumda olan ve hakk\u0131nda 9 y\u0131l 4 ay kesinle\u015fmi\u015f&#8230;<\/p>\n","protected":false},"author":1,"featured_media":72510,"comment_status":"open","ping_status":"open","sticky":false,"template":"","format":"standard","meta":{"_crdt_document":"","footnotes":""},"categories":[5],"tags":[],"class_list":["post-72509","post","type-post","status-publish","format-standard","has-post-thumbnail","hentry","category-asayis"],"_links":{"self":[{"href":"https:\/\/www.egemtv.com\/index.php?rest_route=\/wp\/v2\/posts\/72509","targetHints":{"allow":["GET"]}}],"collection":[{"href":"https:\/\/www.egemtv.com\/index.php?rest_route=\/wp\/v2\/posts"}],"about":[{"href":"https:\/\/www.egemtv.com\/index.php?rest_route=\/wp\/v2\/types\/post"}],"author":[{"embeddable":true,"href":"https:\/\/www.egemtv.com\/index.php?rest_route=\/wp\/v2\/users\/1"}],"replies":[{"embeddable":true,"href":"https:\/\/www.egemtv.com\/index.php?rest_route=%2Fwp%2Fv2%2Fcomments&post=72509"}],"version-history":[{"count":1,"href":"https:\/\/www.egemtv.com\/index.php?rest_route=\/wp\/v2\/posts\/72509\/revisions"}],"predecessor-version":[{"id":72511,"href":"https:\/\/www.egemtv.com\/index.php?rest_route=\/wp\/v2\/posts\/72509\/revisions\/72511"}],"wp:featuredmedia":[{"embeddable":true,"href":"https:\/\/www.egemtv.com\/index.php?rest_route=\/wp\/v2\/media\/72510"}],"wp:attachment":[{"href":"https:\/\/www.egemtv.com\/index.php?rest_route=%2Fwp%2Fv2%2Fmedia&parent=72509"}],"wp:term":[{"taxonomy":"category","embeddable":true,"href":"https:\/\/www.egemtv.com\/index.php?rest_route=%2Fwp%2Fv2%2Fcategories&post=72509"},{"taxonomy":"post_tag","embeddable":true,"href":"https:\/\/www.egemtv.com\/index.php?rest_route=%2Fwp%2Fv2%2Ftags&post=72509"}],"curies":[{"name":"wp","href":"https:\/\/api.w.org\/{rel}","templated":true}]}}