{"id":72506,"date":"2025-12-06T21:14:57","date_gmt":"2025-12-06T18:14:57","guid":{"rendered":"https:\/\/www.egemtv.com\/?p=72506"},"modified":"2025-12-06T21:14:58","modified_gmt":"2025-12-06T18:14:58","slug":"alti-gundur-kayip-olan-sahis-saglikli-bir-sekilde-bulundu","status":"publish","type":"post","link":"https:\/\/www.egemtv.com\/?p=72506","title":{"rendered":"Alt\u0131 g\u00fcnd\u00fcr kay\u0131p olan \u015fah\u0131s sa\u011fl\u0131kl\u0131 bir \u015fekilde bulundu"},"content":{"rendered":"<p>Ayd\u0131n\u2019\u0131n Sultanhisar il\u00e7esinde 30 Kas\u0131m\u2019dan bu yana kay\u0131p olan bir ki\u015fi, jandarma ekiplerince yap\u0131lan aramalar sonunda sa\u011fl\u0131kl\u0131 bir \u015fekilde bulundu.<br \/>\n<br \/>Ayd\u0131n\u2019\u0131n Sultanhisar il\u00e7esine ba\u011fl\u0131 Demirhan Mahallesi\u2019nde kaybolan bir vatanda\u015f, jandarma ekiplerinin y\u00fcr\u00fctt\u00fc\u011f\u00fc kapsaml\u0131 arama \u00e7al\u0131\u015fmalar\u0131 sonucunda sa\u011f olarak bulundu. 30 Kas\u0131m tarihinden bu yana kendisinden haber al\u0131namayan \u015fah\u0131s i\u00e7in karde\u015fi, 4 Aral\u0131k 2025 g\u00fcn\u00fc jandarmaya kay\u0131p ihbar\u0131nda bulundu. \u0130hbar\u0131n ard\u0131ndan b\u00f6lgede geni\u015f \u00e7apl\u0131 arama \u00e7al\u0131\u015fmas\u0131 ba\u015flat\u0131ld\u0131. Arama faaliyetlerine 4 asayi\u015f timi, 1 Jandarma Arama Kurtarma (JAK) timi, 1 iz takip k\u00f6pek timi, 1 JASAT timi, 1 komando timi ile 1 AFAD ekibi kat\u0131ld\u0131. Toplam 36 personelin g\u00f6rev ald\u0131\u011f\u0131 \u00e7al\u0131\u015fmalarda, kay\u0131p \u015fah\u0131s Demirhan Mahallesi Armutluk mevkiinde bulundu. Sa\u011fl\u0131k durumunun iyi oldu\u011fu belirlenen \u015fah\u0131s, gerekli kontrollerin yap\u0131lmas\u0131n\u0131n ard\u0131ndan g\u00fcvenli bir \u015fekilde ailesine teslim edildi.<br \/><\/p>\n","protected":false},"excerpt":{"rendered":"<p>Ayd\u0131n\u2019\u0131n Sultanhisar il\u00e7esinde 30 Kas\u0131m\u2019dan bu yana kay\u0131p olan bir ki\u015fi, jandarma ekiplerince yap\u0131lan aramalar sonunda sa\u011fl\u0131kl\u0131 bir \u015fekilde bulundu. Ayd\u0131n\u2019\u0131n Sultanhisar il\u00e7esine ba\u011fl\u0131 Demirhan Mahallesi\u2019nde kaybolan bir vatanda\u015f, jandarma ekiplerinin y\u00fcr\u00fctt\u00fc\u011f\u00fc kapsaml\u0131 arama \u00e7al\u0131\u015fmalar\u0131 sonucunda sa\u011f olarak bulundu. 30 Kas\u0131m tarihinden bu yana kendisinden haber al\u0131namayan \u015fah\u0131s i\u00e7in karde\u015fi, 4 Aral\u0131k 2025 g\u00fcn\u00fc jandarmaya&#8230;<\/p>\n","protected":false},"author":1,"featured_media":72507,"comment_status":"open","ping_status":"open","sticky":false,"template":"","format":"standard","meta":{"_crdt_document":"","footnotes":""},"categories":[5],"tags":[],"class_list":["post-72506","post","type-post","status-publish","format-standard","has-post-thumbnail","hentry","category-asayis"],"_links":{"self":[{"href":"https:\/\/www.egemtv.com\/index.php?rest_route=\/wp\/v2\/posts\/72506","targetHints":{"allow":["GET"]}}],"collection":[{"href":"https:\/\/www.egemtv.com\/index.php?rest_route=\/wp\/v2\/posts"}],"about":[{"href":"https:\/\/www.egemtv.com\/index.php?rest_route=\/wp\/v2\/types\/post"}],"author":[{"embeddable":true,"href":"https:\/\/www.egemtv.com\/index.php?rest_route=\/wp\/v2\/users\/1"}],"replies":[{"embeddable":true,"href":"https:\/\/www.egemtv.com\/index.php?rest_route=%2Fwp%2Fv2%2Fcomments&post=72506"}],"version-history":[{"count":1,"href":"https:\/\/www.egemtv.com\/index.php?rest_route=\/wp\/v2\/posts\/72506\/revisions"}],"predecessor-version":[{"id":72508,"href":"https:\/\/www.egemtv.com\/index.php?rest_route=\/wp\/v2\/posts\/72506\/revisions\/72508"}],"wp:featuredmedia":[{"embeddable":true,"href":"https:\/\/www.egemtv.com\/index.php?rest_route=\/wp\/v2\/media\/72507"}],"wp:attachment":[{"href":"https:\/\/www.egemtv.com\/index.php?rest_route=%2Fwp%2Fv2%2Fmedia&parent=72506"}],"wp:term":[{"taxonomy":"category","embeddable":true,"href":"https:\/\/www.egemtv.com\/index.php?rest_route=%2Fwp%2Fv2%2Fcategories&post=72506"},{"taxonomy":"post_tag","embeddable":true,"href":"https:\/\/www.egemtv.com\/index.php?rest_route=%2Fwp%2Fv2%2Ftags&post=72506"}],"curies":[{"name":"wp","href":"https:\/\/api.w.org\/{rel}","templated":true}]}}