{"id":72503,"date":"2025-12-06T20:55:44","date_gmt":"2025-12-06T17:55:44","guid":{"rendered":"https:\/\/www.egemtv.com\/?p=72503"},"modified":"2025-12-06T20:55:44","modified_gmt":"2025-12-06T17:55:44","slug":"kutahyada-guvenlik-guclerine-78-arac-tahsis-edildi","status":"publish","type":"post","link":"https:\/\/www.egemtv.com\/?p=72503","title":{"rendered":"K\u00fctahya\u2019da g\u00fcvenlik g\u00fc\u00e7lerine 78 ara\u00e7 tahsis edildi"},"content":{"rendered":"<p>K\u00fctahya\u2019da \u0130l Emniyet M\u00fcd\u00fcrl\u00fc\u011f\u00fc ve \u0130l Jandarma Komutanl\u0131\u011f\u0131na tahsis edilen 78 yeni ara\u00e7, Zafer Meydan\u0131\u2019nda d\u00fczenlenen t\u00f6renle teslim edildi.<br \/>\n<br \/>Zafer Meydan\u0131\u2019nda d\u00fczenlenen t\u00f6rende konu\u015fan K\u00fctahya Valisi Musa I\u015f\u0131n, T\u00fcrkiye genelinde g\u00fcvenlik g\u00fc\u00e7lerinin ara\u00e7 filosunun yenilenmesi i\u00e7in \u0130\u00e7i\u015fleri Bakanl\u0131\u011f\u0131 taraf\u0131ndan y\u00fcr\u00fct\u00fclen \u00e7al\u0131\u015fman\u0131n devam etti\u011fini belirtti. Vali I\u015f\u0131n, &#8220;Burada 78 tane ara\u00e7, emniyet ve jandarmam\u0131za da\u011f\u0131t\u0131lacakt\u0131r. Cumhurba\u015fkan\u0131m\u0131z\u0131n tensipleri ve \u0130\u00e7i\u015fleri Bakanl\u0131\u011f\u0131m\u0131z\u0131n \u00e7al\u0131\u015fmalar\u0131yla birlikte T\u00fcrkiye\u2019nin b\u00fct\u00fcn illerindeki ara\u00e7lar\u0131n yenilenmesi karar\u0131 al\u0131nm\u0131\u015ft\u0131r. Ge\u00e7en sene T\u00fcrkiye\u2019nin baz\u0131 illerinde ara\u00e7lar da\u011f\u0131t\u0131ld\u0131. Bu sene de ilimize ara\u00e7 tahsis edilmi\u015ftir. Bakanl\u0131\u011f\u0131m\u0131z\u0131n politikas\u0131, ya\u015fl\u0131 ara\u00e7lar\u0131n bulundurulmamas\u0131d\u0131r. M\u00fcmk\u00fcn mertebe be\u015f ya\u015f\u0131n \u00fczerine \u00e7\u0131kan ara\u00e7lar\u0131n yenilenmesi ve belirlenmesi y\u00f6n\u00fcnde bir yakla\u015f\u0131m bulunmaktad\u0131r. Bu suretle, halihaz\u0131rda ara\u00e7lar\u0131m\u0131z\u0131n \u00f6nemli bir k\u0131sm\u0131 yenilenmi\u015f oluyor. \u0130n\u015fallah zaman i\u00e7erisinde ara\u00e7lar\u0131m\u0131z\u0131 yenilemeye devam edece\u011fiz.Bu ara\u00e7larla birlikte hem jandarmam\u0131z hem de Emniyet M\u00fcd\u00fcrl\u00fc\u011f\u00fcm\u00fcz, \u00e7al\u0131\u015fmalar\u0131n\u0131 daha seri ve daha h\u0131zl\u0131 bir \u015fekilde s\u00fcrd\u00fcrecektir. \u0130limiz, huzur a\u00e7\u0131s\u0131ndan istatistiklere g\u00f6re T\u00fcrkiye\u2019de birinci s\u0131ralarda yer almaktad\u0131r, Allah\u2019a \u015f\u00fck\u00fcrler olsun. Bu vesileyle hem emniyet te\u015fkilat\u0131m\u0131zda hem de jandarma te\u015fkilat\u0131m\u0131zda \u00e7al\u0131\u015fan karde\u015flerimi tebrik ediyorum. Ayn\u0131 zamanda bu ili huzurlu hale getiren t\u00fcm K\u00fctahyal\u0131lara da \u015f\u00fckranlar\u0131m\u0131 sunuyorum. \u00c7\u00fcnk\u00fc bu, birlikte ba\u015far\u0131labilen bir \u015feydir. Asayi\u015f ve emniyet y\u00f6n\u00fcnden K\u00fctahya halk\u0131 son derece mill\u00ee, devletine ba\u011fl\u0131 ve kanunlara sayg\u0131l\u0131 hareket eden bir halkt\u0131r. B\u00f6yle g\u00fczel bir ilde g\u00f6rev yapman\u0131n huzuru ve k\u0131vanc\u0131 i\u00e7inde oldu\u011fumu ifade etmek istiyorum. Bunu zaman zaman b\u00fct\u00fcn polis arkada\u015flar\u0131ma, jandarmam\u0131za ve burada \u00e7al\u0131\u015fan t\u00fcm daire amiri arkada\u015flar\u0131ma s\u00f6yl\u00fcyorum: Bu ilin k\u0131ymetini bilelim. Bu ile hizmet etmek ne kadar gerekliyse, ben o kadar\u0131ndan fazlas\u0131n\u0131 yapar\u0131m. Bu halka minnettar oldu\u011fumuzu, \u015f\u00fckr\u00fcm\u00fcz\u00fc de iyi \u00e7al\u0131\u015farak, emniyet ve asayi\u015fi sa\u011flayarak g\u00f6stermemiz gerekti\u011fini her zaman dile getiriyorum. G\u00fcvenlik a\u00e7\u0131s\u0131ndan, g\u00fcvenlik birimlerimizle birlikte her ay toplant\u0131 yap\u0131yoruz. \u00c7ok \u015f\u00fck\u00fcr, ilimizde su\u00e7 oranlar\u0131 her ge\u00e7en ay d\u00fc\u015fmektedir. Yani su\u00e7 oranlar\u0131 s\u00fcrekli azalmaktad\u0131r, Allah\u2019a \u015f\u00fck\u00fcrler olsun. \u0130n\u015fallah bu s\u00fcre\u00e7 b\u00f6yle devam edecektir&#8221; ifadelerine yer verdi.<br \/>\n<br \/>Konu\u015fman\u0131n ard\u0131ndan Vali Musa I\u015f\u0131n ve protokol \u00fcyeleri, yeni ara\u00e7lar\u0131n anahtarlar\u0131n\u0131 emniyet ve jandarma personeline teslim etti. Ara\u00e7lar daha sonra konvoy halinde \u015fehir turu att\u0131.<br \/>\n<br \/>Teslim edilen ara\u00e7lar\u0131n 61 adeti K\u00fctahya \u0130l Emniyet M\u00fcd\u00fcrl\u00fc\u011f\u00fc taraf\u0131ndan teslim al\u0131n\u0131rken, 17 adet ara\u00e7 ise K\u00fctahya \u0130l Jandarma Komutanl\u0131\u011f\u0131 taraf\u0131ndan teslim al\u0131nd\u0131. Yap\u0131lan ara\u00e7 tesliminin K\u00fctahya\u2019da g\u00fcvenlik hizmetlerinin daha h\u0131zl\u0131 ve etkin \u015fekilde y\u00fcr\u00fct\u00fclmesine \u00f6nemli katk\u0131 sa\u011flamas\u0131 bekleniyor.<br \/>\n<br \/>T\u00f6rene K\u00fctahya Valisi Musa I\u015f\u0131n, milletvekilleri, il protokol\u00fc, emniyet ve jandarma personeli kat\u0131ld\u0131.<br \/><\/p>\n","protected":false},"excerpt":{"rendered":"<p>K\u00fctahya\u2019da \u0130l Emniyet M\u00fcd\u00fcrl\u00fc\u011f\u00fc ve \u0130l Jandarma Komutanl\u0131\u011f\u0131na tahsis edilen 78 yeni ara\u00e7, Zafer Meydan\u0131\u2019nda d\u00fczenlenen t\u00f6renle teslim edildi. Zafer Meydan\u0131\u2019nda d\u00fczenlenen t\u00f6rende konu\u015fan K\u00fctahya Valisi Musa I\u015f\u0131n, T\u00fcrkiye genelinde g\u00fcvenlik g\u00fc\u00e7lerinin ara\u00e7 filosunun yenilenmesi i\u00e7in \u0130\u00e7i\u015fleri Bakanl\u0131\u011f\u0131 taraf\u0131ndan y\u00fcr\u00fct\u00fclen \u00e7al\u0131\u015fman\u0131n devam etti\u011fini belirtti. Vali I\u015f\u0131n, &#8220;Burada 78 tane ara\u00e7, emniyet ve jandarmam\u0131za da\u011f\u0131t\u0131lacakt\u0131r. Cumhurba\u015fkan\u0131m\u0131z\u0131n&#8230;<\/p>\n","protected":false},"author":1,"featured_media":72504,"comment_status":"open","ping_status":"open","sticky":false,"template":"","format":"standard","meta":{"_crdt_document":"","footnotes":""},"categories":[1],"tags":[],"class_list":["post-72503","post","type-post","status-publish","format-standard","has-post-thumbnail","hentry","category-guncel"],"_links":{"self":[{"href":"https:\/\/www.egemtv.com\/index.php?rest_route=\/wp\/v2\/posts\/72503","targetHints":{"allow":["GET"]}}],"collection":[{"href":"https:\/\/www.egemtv.com\/index.php?rest_route=\/wp\/v2\/posts"}],"about":[{"href":"https:\/\/www.egemtv.com\/index.php?rest_route=\/wp\/v2\/types\/post"}],"author":[{"embeddable":true,"href":"https:\/\/www.egemtv.com\/index.php?rest_route=\/wp\/v2\/users\/1"}],"replies":[{"embeddable":true,"href":"https:\/\/www.egemtv.com\/index.php?rest_route=%2Fwp%2Fv2%2Fcomments&post=72503"}],"version-history":[{"count":1,"href":"https:\/\/www.egemtv.com\/index.php?rest_route=\/wp\/v2\/posts\/72503\/revisions"}],"predecessor-version":[{"id":72505,"href":"https:\/\/www.egemtv.com\/index.php?rest_route=\/wp\/v2\/posts\/72503\/revisions\/72505"}],"wp:featuredmedia":[{"embeddable":true,"href":"https:\/\/www.egemtv.com\/index.php?rest_route=\/wp\/v2\/media\/72504"}],"wp:attachment":[{"href":"https:\/\/www.egemtv.com\/index.php?rest_route=%2Fwp%2Fv2%2Fmedia&parent=72503"}],"wp:term":[{"taxonomy":"category","embeddable":true,"href":"https:\/\/www.egemtv.com\/index.php?rest_route=%2Fwp%2Fv2%2Fcategories&post=72503"},{"taxonomy":"post_tag","embeddable":true,"href":"https:\/\/www.egemtv.com\/index.php?rest_route=%2Fwp%2Fv2%2Ftags&post=72503"}],"curies":[{"name":"wp","href":"https:\/\/api.w.org\/{rel}","templated":true}]}}