{"id":72500,"date":"2025-12-06T20:55:43","date_gmt":"2025-12-06T17:55:43","guid":{"rendered":"https:\/\/www.egemtv.com\/?p=72500"},"modified":"2025-12-06T20:55:44","modified_gmt":"2025-12-06T17:55:44","slug":"michelin-2026da-en-iyi-genc-sef-odulu-datcaya-geldi","status":"publish","type":"post","link":"https:\/\/www.egemtv.com\/?p=72500","title":{"rendered":"Michelin 2026\u2019da \u2019En \u0130yi Gen\u00e7 \u015eef\u2019 \u00f6d\u00fcl\u00fc Dat\u00e7a\u2019ya geldi"},"content":{"rendered":"<p>Michelin Rehberi\u2019nin 2026 T\u00fcrkiye se\u00e7kisinde isimler a\u00e7\u0131klan\u0131rken, &#8220;En \u0130yi Gen\u00e7 \u015eef \u00d6d\u00fcl\u00fc&#8221;, Dat\u00e7al\u0131 \u015fef Duru Akg\u00fcl\u2019e verildi, il\u00e7e ilk kez Michelin sahnesinde temsil edildi.<\/p>\n<p>Michelin Rehberi\u2019nin 2026 T\u00fcrkiye se\u00e7kisi a\u00e7\u0131kland\u0131. \u0130stanbul, \u0130zmir, Mu\u011fla ve Kapadokya\u2019y\u0131 kapsayan yeni listede T\u00fcrkiye\u2019deki Michelin y\u0131ld\u0131zl\u0131 restoran say\u0131s\u0131 17\u2019ye y\u00fckselirken, Dat\u00e7a gastronomi alan\u0131nda tarihi bir ba\u015far\u0131ya imza att\u0131. Bu y\u0131l &#8220;En \u0130yi Gen\u00e7 \u015eef \u00d6d\u00fcl\u00fc&#8221;, Dat\u00e7a\u2019daki bir restoran\u0131n gen\u00e7 \u015fefi Duru Akg\u00fcl\u2019e verildi. Akg\u00fcl\u2019\u00fcn, T\u00fcrkiye\u2019nin en iyi gen\u00e7 \u015fefi se\u00e7ilmesi, Dat\u00e7a\u2019y\u0131 ilk kez Michelin Rehberi\u2019nde ulusal \u00f6l\u00e7ekte yer almas\u0131n\u0131 sa\u011flad\u0131. Ayr\u0131ca Michelin Rehberi\u2019nin &#8220;Tavsiye Edilen Restoranlar&#8221; listesinde de Dat\u00e7a\u2019da bulunan bir restoran yer ald\u0131. B\u00f6ylece Dat\u00e7a, 2026 se\u00e7kisinde hem gen\u00e7 \u015fef \u00f6d\u00fcl\u00fc hem de tavsiye edilen restoran kategorisiyle rehberde yer almay\u0131 ba\u015fard\u0131.<\/p>\n<p>K\u00fclt\u00fcr ve Turizm Bakan\u0131 Mehmet Nuri Ersoy\u2019un kat\u0131l\u0131m\u0131yla duyurulan se\u00e7kide Kapadokya ilk kez listeye girerken, Michelin Rehberi\u2019nin \u00f6n\u00fcm\u00fczdeki y\u0131l t\u00fcm T\u00fcrkiye\u2019yi kapsayaca\u011f\u0131 da a\u00e7\u0131kland\u0131.<\/p>\n<p>Mu\u011fla genelinde Bodrum merkezli y\u0131ld\u0131z ve \u00f6d\u00fcller dikkat \u00e7ekerken, Dat\u00e7a\u2019dan gelen &#8220;En \u0130yi Gen\u00e7 \u015eef&#8221; ba\u015far\u0131s\u0131 il\u00e7enin gastronomi potansiyelini ulusal ve uluslararas\u0131 alanda g\u00f6r\u00fcn\u00fcr k\u0131ld\u0131. 2026 se\u00e7kisiyle birlikte Dat\u00e7a, sakin mutfa\u011f\u0131n\u0131 Michelin sahnesine ta\u015f\u0131yan yeni ve iddial\u0131 duraklardan biri oldu.<br \/><\/p>\n","protected":false},"excerpt":{"rendered":"<p>Michelin Rehberi\u2019nin 2026 T\u00fcrkiye se\u00e7kisinde isimler a\u00e7\u0131klan\u0131rken, &#8220;En \u0130yi Gen\u00e7 \u015eef \u00d6d\u00fcl\u00fc&#8221;, Dat\u00e7al\u0131 \u015fef Duru Akg\u00fcl\u2019e verildi, il\u00e7e ilk kez Michelin sahnesinde temsil edildi. Michelin Rehberi\u2019nin 2026 T\u00fcrkiye se\u00e7kisi a\u00e7\u0131kland\u0131. \u0130stanbul, \u0130zmir, Mu\u011fla ve Kapadokya\u2019y\u0131 kapsayan yeni listede T\u00fcrkiye\u2019deki Michelin y\u0131ld\u0131zl\u0131 restoran say\u0131s\u0131 17\u2019ye y\u00fckselirken, Dat\u00e7a gastronomi alan\u0131nda tarihi bir ba\u015far\u0131ya imza att\u0131. Bu y\u0131l&#8230;<\/p>\n","protected":false},"author":1,"featured_media":72501,"comment_status":"open","ping_status":"open","sticky":false,"template":"","format":"standard","meta":{"_crdt_document":"","footnotes":""},"categories":[1],"tags":[],"class_list":["post-72500","post","type-post","status-publish","format-standard","has-post-thumbnail","hentry","category-guncel"],"_links":{"self":[{"href":"https:\/\/www.egemtv.com\/index.php?rest_route=\/wp\/v2\/posts\/72500","targetHints":{"allow":["GET"]}}],"collection":[{"href":"https:\/\/www.egemtv.com\/index.php?rest_route=\/wp\/v2\/posts"}],"about":[{"href":"https:\/\/www.egemtv.com\/index.php?rest_route=\/wp\/v2\/types\/post"}],"author":[{"embeddable":true,"href":"https:\/\/www.egemtv.com\/index.php?rest_route=\/wp\/v2\/users\/1"}],"replies":[{"embeddable":true,"href":"https:\/\/www.egemtv.com\/index.php?rest_route=%2Fwp%2Fv2%2Fcomments&post=72500"}],"version-history":[{"count":1,"href":"https:\/\/www.egemtv.com\/index.php?rest_route=\/wp\/v2\/posts\/72500\/revisions"}],"predecessor-version":[{"id":72502,"href":"https:\/\/www.egemtv.com\/index.php?rest_route=\/wp\/v2\/posts\/72500\/revisions\/72502"}],"wp:featuredmedia":[{"embeddable":true,"href":"https:\/\/www.egemtv.com\/index.php?rest_route=\/wp\/v2\/media\/72501"}],"wp:attachment":[{"href":"https:\/\/www.egemtv.com\/index.php?rest_route=%2Fwp%2Fv2%2Fmedia&parent=72500"}],"wp:term":[{"taxonomy":"category","embeddable":true,"href":"https:\/\/www.egemtv.com\/index.php?rest_route=%2Fwp%2Fv2%2Fcategories&post=72500"},{"taxonomy":"post_tag","embeddable":true,"href":"https:\/\/www.egemtv.com\/index.php?rest_route=%2Fwp%2Fv2%2Ftags&post=72500"}],"curies":[{"name":"wp","href":"https:\/\/api.w.org\/{rel}","templated":true}]}}