{"id":72497,"date":"2025-12-06T20:14:58","date_gmt":"2025-12-06T17:14:58","guid":{"rendered":"https:\/\/www.egemtv.com\/?p=72497"},"modified":"2025-12-06T20:14:59","modified_gmt":"2025-12-06T17:14:59","slug":"kutahya-tavsanlida-36-kiz-hafiz-icin-gorkemli-icazet-toreni","status":"publish","type":"post","link":"https:\/\/www.egemtv.com\/?p=72497","title":{"rendered":"K\u00fctahya Tav\u015fanl\u0131\u2019da 36 k\u0131z haf\u0131z i\u00e7in g\u00f6rkemli icazet t\u00f6reni"},"content":{"rendered":"<p>K\u00fctahya\u2019n\u0131n Tav\u015fanl\u0131 il\u00e7esinde bulunan Kavakl\u0131 K\u0131z Kur\u2019an Kursu\u2019nda haf\u0131zl\u0131k e\u011fitimlerini tamamlayan 36 haf\u0131z i\u00e7in g\u00f6rkemli bir icazet t\u00f6reni d\u00fczenlendi.<br \/>\n<br \/>Kursun 29. Haf\u0131zl\u0131k \u0130cazet Merasimi, Tav\u015fanl\u0131 Proje K\u0131z Anadolu \u0130mam Hatip Lisesi Konferans Salonu\u2019nda ger\u00e7ekle\u015ftirildi. Vatanda\u015flar\u0131n yo\u011fun kat\u0131l\u0131m g\u00f6sterdi\u011fi t\u00f6rende, salon h\u0131ncah\u0131n\u00e7 dolarken, merasimde b\u00fcy\u00fck bir manevi co\u015fku ya\u015fand\u0131.<br \/>\n<br \/>T\u00f6ren, sayg\u0131 duru\u015fu ve \u0130stiklal Mar\u015f\u0131\u2019n\u0131n okunmas\u0131yla ba\u015flad\u0131. Ard\u0131ndan Tav\u015fanl\u0131 \u0130l\u00e7e M\u00fcft\u00fcs\u00fc a\u00e7\u0131l\u0131\u015f konu\u015fmas\u0131n\u0131 ger\u00e7ekle\u015ftirdi.<br \/>\n<br \/>Programa kat\u0131lan \u00f6nemli isimler aras\u0131nda; daha \u00f6nce K\u00fctahya \u0130l M\u00fcft\u00fcl\u00fc\u011f\u00fc g\u00f6revini y\u00fcr\u00fctm\u00fc\u015f olan Diyanet \u0130\u015fleri Ba\u015fkan Yard\u0131mc\u0131s\u0131 Dr. H\u00fcseyin Haz\u0131rlar, AK Parti K\u00fctahya milletvekilleri Adil Bi\u00e7er, Mehmet Demir ve \u0130smail \u00c7a\u011flar Bay\u0131rc\u0131, Kaymakam \u00d6mer Faruk \u00d6zdemir, AK Parti \u0130l Ba\u015fkan\u0131 Ceyda \u00c7etin Erenler, AK Parti \u0130l\u00e7e Ba\u015fkanlar\u0131, \u0130l\u00e7e Milli E\u011fitim M\u00fcd\u00fcr\u00fc Refik Ra\u015fit K\u00fc\u00e7\u00fckka\u011fn\u0131c\u0131, \u0130l M\u00fcft\u00fcs\u00fc Dr. \u0130rfan A\u00e7\u0131k, \u0130l M\u00fcft\u00fc Yard\u0131mc\u0131lar\u0131 Tahsin Ekim ve G\u00fclay Demirci, \u00e7evre il\u00e7elerin m\u00fcft\u00fcleri (Hisarc\u0131k, Domani\u00e7, Emet, \u00c7avdarhisar, Simav, Gediz) ile birlikte \u00e7ok say\u0131da vatanda\u015f yer ald\u0131.<br \/>\n<br \/>Merasim boyunca manevi atmosfer \u00fcst d\u00fczeydeydi. Ayasofya-i Kebir Camii Ba\u015f \u0130mam Hatibi Kurra Haf\u0131z Ferruh Mu\u015ftuer\u2019in etkileyici Kur\u2019an tilaveti, kat\u0131l\u0131mc\u0131lara unutulmaz anlar ya\u015fatt\u0131. Yeni haf\u0131zlar da okuduklar\u0131 ilahilerle programa ayr\u0131 bir g\u00fczellik katt\u0131.<br \/>\n<br \/>T\u00f6rende en \u00e7ok alk\u0131\u015f alan ve duygusal anlar\u0131n ya\u015fand\u0131\u011f\u0131 b\u00f6l\u00fcm ise, 36 k\u0131z haf\u0131z\u0131n babalar\u0131n\u0131n sahneye \u00e7\u0131karak evlatlar\u0131n\u0131 tek tek tebrik etmesi oldu. Bu anlar, salonda b\u00fcy\u00fck bir takdirle kar\u015f\u0131land\u0131.<br \/>\n<br \/>Program\u0131n sonunda, protokol \u00fcyeleri ve milletvekilleri birer konu\u015fma yaparak haf\u0131zl\u0131klar\u0131n\u0131 tamamlayan \u00f6\u011frencileri ve ailelerini tebrik etti, gen\u00e7 haf\u0131zlara hayat boyu ba\u015far\u0131lar diledi.<br \/><\/p>\n","protected":false},"excerpt":{"rendered":"<p>K\u00fctahya\u2019n\u0131n Tav\u015fanl\u0131 il\u00e7esinde bulunan Kavakl\u0131 K\u0131z Kur\u2019an Kursu\u2019nda haf\u0131zl\u0131k e\u011fitimlerini tamamlayan 36 haf\u0131z i\u00e7in g\u00f6rkemli bir icazet t\u00f6reni d\u00fczenlendi. Kursun 29. Haf\u0131zl\u0131k \u0130cazet Merasimi, Tav\u015fanl\u0131 Proje K\u0131z Anadolu \u0130mam Hatip Lisesi Konferans Salonu\u2019nda ger\u00e7ekle\u015ftirildi. Vatanda\u015flar\u0131n yo\u011fun kat\u0131l\u0131m g\u00f6sterdi\u011fi t\u00f6rende, salon h\u0131ncah\u0131n\u00e7 dolarken, merasimde b\u00fcy\u00fck bir manevi co\u015fku ya\u015fand\u0131. T\u00f6ren, sayg\u0131 duru\u015fu ve \u0130stiklal Mar\u015f\u0131\u2019n\u0131n okunmas\u0131yla&#8230;<\/p>\n","protected":false},"author":1,"featured_media":72498,"comment_status":"open","ping_status":"open","sticky":false,"template":"","format":"standard","meta":{"_crdt_document":"","footnotes":""},"categories":[1],"tags":[],"class_list":["post-72497","post","type-post","status-publish","format-standard","has-post-thumbnail","hentry","category-guncel"],"_links":{"self":[{"href":"https:\/\/www.egemtv.com\/index.php?rest_route=\/wp\/v2\/posts\/72497","targetHints":{"allow":["GET"]}}],"collection":[{"href":"https:\/\/www.egemtv.com\/index.php?rest_route=\/wp\/v2\/posts"}],"about":[{"href":"https:\/\/www.egemtv.com\/index.php?rest_route=\/wp\/v2\/types\/post"}],"author":[{"embeddable":true,"href":"https:\/\/www.egemtv.com\/index.php?rest_route=\/wp\/v2\/users\/1"}],"replies":[{"embeddable":true,"href":"https:\/\/www.egemtv.com\/index.php?rest_route=%2Fwp%2Fv2%2Fcomments&post=72497"}],"version-history":[{"count":1,"href":"https:\/\/www.egemtv.com\/index.php?rest_route=\/wp\/v2\/posts\/72497\/revisions"}],"predecessor-version":[{"id":72499,"href":"https:\/\/www.egemtv.com\/index.php?rest_route=\/wp\/v2\/posts\/72497\/revisions\/72499"}],"wp:featuredmedia":[{"embeddable":true,"href":"https:\/\/www.egemtv.com\/index.php?rest_route=\/wp\/v2\/media\/72498"}],"wp:attachment":[{"href":"https:\/\/www.egemtv.com\/index.php?rest_route=%2Fwp%2Fv2%2Fmedia&parent=72497"}],"wp:term":[{"taxonomy":"category","embeddable":true,"href":"https:\/\/www.egemtv.com\/index.php?rest_route=%2Fwp%2Fv2%2Fcategories&post=72497"},{"taxonomy":"post_tag","embeddable":true,"href":"https:\/\/www.egemtv.com\/index.php?rest_route=%2Fwp%2Fv2%2Ftags&post=72497"}],"curies":[{"name":"wp","href":"https:\/\/api.w.org\/{rel}","templated":true}]}}