{"id":72494,"date":"2025-12-06T19:15:13","date_gmt":"2025-12-06T16:15:13","guid":{"rendered":"https:\/\/www.egemtv.com\/?p=72494"},"modified":"2025-12-06T19:15:14","modified_gmt":"2025-12-06T16:15:14","slug":"6-aralikta-muglada-en-fazla-yagis-ula-kavakcali-mahallesine-dustu","status":"publish","type":"post","link":"https:\/\/www.egemtv.com\/?p=72494","title":{"rendered":"6 Aral\u0131k\u2019ta Mu\u011fla\u2019da en fazla ya\u011f\u0131\u015f Ula Kavak\u00e7al\u0131 Mahallesine d\u00fc\u015ft\u00fc"},"content":{"rendered":"<p>Meteoroloji Genel M\u00fcd\u00fcrl\u00fc\u011f\u00fc taraf\u0131ndan Per\u015fembe g\u00fcn\u00fc yap\u0131lan sar\u0131 kodlu uyar\u0131n\u0131n ard\u0131ndan Cuma g\u00fcn\u00fc Mu\u011fla\u2019n\u0131n Bodrum, Marmaris, Dat\u00e7a, K\u00f6yce\u011fiz ve Ula il\u00e7eleri en fazla ya\u011f\u0131\u015f olan il\u00e7eler olurken, 6 Aral\u0131k Cumartesi g\u00fcn\u00fc ise en fazla ya\u011f\u0131\u015f olan b\u00f6lge Ula\u2019n\u0131n Kavak\u00e7al\u0131 Mahallesi oldu.<br \/>\n<br \/>Ula Kavak\u00e7al\u0131 mahallesinde metrekareye 61.9 metrek\u00fcp ya\u011f\u0131\u015f d\u00fc\u015ferken, Ortaca il\u00e7esine 55.5, Mente\u015fe Muratlar Mahallesine 40, Marmaris\u2019e 38.4, Fethiye Arpac\u0131k Mahallesine 37, K\u00f6yce\u011fiz Otmanlar Mahallesine 32.1, Seydikemer Kavakl\u0131\u2019ya 29.8, Yata\u011fan\u2019a 27.6, Mente\u015fe \u015eenyayla Mahallesine 23.1, Dat\u00e7a\u2019ya 15.5 ve Milas\u2019a da 14.2 metrek\u00fcp ya\u011f\u0131\u015f d\u00fc\u015ft\u00fc.<br \/><\/p>\n","protected":false},"excerpt":{"rendered":"<p>Meteoroloji Genel M\u00fcd\u00fcrl\u00fc\u011f\u00fc taraf\u0131ndan Per\u015fembe g\u00fcn\u00fc yap\u0131lan sar\u0131 kodlu uyar\u0131n\u0131n ard\u0131ndan Cuma g\u00fcn\u00fc Mu\u011fla\u2019n\u0131n Bodrum, Marmaris, Dat\u00e7a, K\u00f6yce\u011fiz ve Ula il\u00e7eleri en fazla ya\u011f\u0131\u015f olan il\u00e7eler olurken, 6 Aral\u0131k Cumartesi g\u00fcn\u00fc ise en fazla ya\u011f\u0131\u015f olan b\u00f6lge Ula\u2019n\u0131n Kavak\u00e7al\u0131 Mahallesi oldu. Ula Kavak\u00e7al\u0131 mahallesinde metrekareye 61.9 metrek\u00fcp ya\u011f\u0131\u015f d\u00fc\u015ferken, Ortaca il\u00e7esine 55.5, Mente\u015fe Muratlar Mahallesine&#8230;<\/p>\n","protected":false},"author":1,"featured_media":72495,"comment_status":"open","ping_status":"open","sticky":false,"template":"","format":"standard","meta":{"_crdt_document":"","footnotes":""},"categories":[1],"tags":[],"class_list":["post-72494","post","type-post","status-publish","format-standard","has-post-thumbnail","hentry","category-guncel"],"_links":{"self":[{"href":"https:\/\/www.egemtv.com\/index.php?rest_route=\/wp\/v2\/posts\/72494","targetHints":{"allow":["GET"]}}],"collection":[{"href":"https:\/\/www.egemtv.com\/index.php?rest_route=\/wp\/v2\/posts"}],"about":[{"href":"https:\/\/www.egemtv.com\/index.php?rest_route=\/wp\/v2\/types\/post"}],"author":[{"embeddable":true,"href":"https:\/\/www.egemtv.com\/index.php?rest_route=\/wp\/v2\/users\/1"}],"replies":[{"embeddable":true,"href":"https:\/\/www.egemtv.com\/index.php?rest_route=%2Fwp%2Fv2%2Fcomments&post=72494"}],"version-history":[{"count":1,"href":"https:\/\/www.egemtv.com\/index.php?rest_route=\/wp\/v2\/posts\/72494\/revisions"}],"predecessor-version":[{"id":72496,"href":"https:\/\/www.egemtv.com\/index.php?rest_route=\/wp\/v2\/posts\/72494\/revisions\/72496"}],"wp:featuredmedia":[{"embeddable":true,"href":"https:\/\/www.egemtv.com\/index.php?rest_route=\/wp\/v2\/media\/72495"}],"wp:attachment":[{"href":"https:\/\/www.egemtv.com\/index.php?rest_route=%2Fwp%2Fv2%2Fmedia&parent=72494"}],"wp:term":[{"taxonomy":"category","embeddable":true,"href":"https:\/\/www.egemtv.com\/index.php?rest_route=%2Fwp%2Fv2%2Fcategories&post=72494"},{"taxonomy":"post_tag","embeddable":true,"href":"https:\/\/www.egemtv.com\/index.php?rest_route=%2Fwp%2Fv2%2Ftags&post=72494"}],"curies":[{"name":"wp","href":"https:\/\/api.w.org\/{rel}","templated":true}]}}