{"id":72491,"date":"2025-12-06T18:34:48","date_gmt":"2025-12-06T15:34:48","guid":{"rendered":"https:\/\/www.egemtv.com\/?p=72491"},"modified":"2025-12-06T18:34:49","modified_gmt":"2025-12-06T15:34:49","slug":"aydinspor-evinde-berabere-kaldi","status":"publish","type":"post","link":"https:\/\/www.egemtv.com\/?p=72491","title":{"rendered":"Ayd\u0131nspor, evinde berabere kald\u0131"},"content":{"rendered":"<p>B\u00f6lgesel Amat\u00f6r Lig 8. Grup\u2019ta m\u00fccadele eden Ayd\u0131nspor, evinde kar\u015f\u0131la\u015ft\u0131\u011f\u0131 Manisa 1965 Nurlup\u0131nar ile 2-2 berabere kald\u0131.<br \/>\n<br \/>B\u00f6lgesel Amat\u00f6r Lig (BAL) 8. Grup\u2019un 10. haftas\u0131nda Ayd\u0131nspor, sahas\u0131nda Manisa 1965 Nurlup\u0131nar\u2019\u0131 konuk etti. Germencik \u0130l\u00e7e Stad\u0131\u2019nda oynanan kar\u015f\u0131la\u015fmada taraftarlar kul\u00fcb\u00fc yaln\u0131z b\u0131rakmazken, iki kul\u00fcb\u00fcn y\u00f6neticileri de ma\u00e7\u0131 trib\u00fcnden takip etti. \u0130lk d\u00fcd\u00fc\u011f\u00fcn \u00e7almas\u0131yla beraber m\u00fccadeleye h\u0131zl\u0131 ba\u015flayan siyah-beyazl\u0131 ekip, 4. dakikada Alperen \u00d6zdemir\u2019in, 14. dakikada ise \u0130brahim Halil \u00d6ner\u2019in gol\u00fcyle \u00f6ne ge\u00e7ti. Uzun s\u00fcre \u00fcst\u00fcnl\u00fc\u011f\u00fcn\u00fc koruyan Ayd\u0131n temsilcisi 45. dakikada Aykut Sevim\u2019in gol\u00fcne engel olamad\u0131 ve ilk yar\u0131 2-1 sona erdi.<br \/>\n<br \/>\u0130kinci yar\u0131ya daha istekli ba\u015flayan taraf Manisa 1965 Nurlup\u0131nar ekibi olurken, 79. dakikada Aykut Sevim, hem kendisinin hem de tak\u0131m\u0131n\u0131n ikinci gol\u00fcn\u00fc kaydederek skoru 2-2\u2019ye getirdi. Ma\u00e7 beraberlikle tamamlan\u0131rken, Ayd\u0131nspor 3 puan\u0131 elinden ka\u00e7\u0131rd\u0131.<br \/>\n<br \/>Al\u0131nan bu skorla birlikte Ayd\u0131nspor puan\u0131n\u0131 7\u2019ye, Manisa 1965 Nurlup\u0131nar ise 18\u2019e y\u00fckseltti.<br \/><\/p>\n","protected":false},"excerpt":{"rendered":"<p>B\u00f6lgesel Amat\u00f6r Lig 8. Grup\u2019ta m\u00fccadele eden Ayd\u0131nspor, evinde kar\u015f\u0131la\u015ft\u0131\u011f\u0131 Manisa 1965 Nurlup\u0131nar ile 2-2 berabere kald\u0131. B\u00f6lgesel Amat\u00f6r Lig (BAL) 8. Grup\u2019un 10. haftas\u0131nda Ayd\u0131nspor, sahas\u0131nda Manisa 1965 Nurlup\u0131nar\u2019\u0131 konuk etti. Germencik \u0130l\u00e7e Stad\u0131\u2019nda oynanan kar\u015f\u0131la\u015fmada taraftarlar kul\u00fcb\u00fc yaln\u0131z b\u0131rakmazken, iki kul\u00fcb\u00fcn y\u00f6neticileri de ma\u00e7\u0131 trib\u00fcnden takip etti. \u0130lk d\u00fcd\u00fc\u011f\u00fcn \u00e7almas\u0131yla beraber m\u00fccadeleye h\u0131zl\u0131&#8230;<\/p>\n","protected":false},"author":1,"featured_media":72492,"comment_status":"open","ping_status":"open","sticky":false,"template":"","format":"standard","meta":{"_crdt_document":"","footnotes":""},"categories":[4],"tags":[],"class_list":["post-72491","post","type-post","status-publish","format-standard","has-post-thumbnail","hentry","category-spor"],"_links":{"self":[{"href":"https:\/\/www.egemtv.com\/index.php?rest_route=\/wp\/v2\/posts\/72491","targetHints":{"allow":["GET"]}}],"collection":[{"href":"https:\/\/www.egemtv.com\/index.php?rest_route=\/wp\/v2\/posts"}],"about":[{"href":"https:\/\/www.egemtv.com\/index.php?rest_route=\/wp\/v2\/types\/post"}],"author":[{"embeddable":true,"href":"https:\/\/www.egemtv.com\/index.php?rest_route=\/wp\/v2\/users\/1"}],"replies":[{"embeddable":true,"href":"https:\/\/www.egemtv.com\/index.php?rest_route=%2Fwp%2Fv2%2Fcomments&post=72491"}],"version-history":[{"count":1,"href":"https:\/\/www.egemtv.com\/index.php?rest_route=\/wp\/v2\/posts\/72491\/revisions"}],"predecessor-version":[{"id":72493,"href":"https:\/\/www.egemtv.com\/index.php?rest_route=\/wp\/v2\/posts\/72491\/revisions\/72493"}],"wp:featuredmedia":[{"embeddable":true,"href":"https:\/\/www.egemtv.com\/index.php?rest_route=\/wp\/v2\/media\/72492"}],"wp:attachment":[{"href":"https:\/\/www.egemtv.com\/index.php?rest_route=%2Fwp%2Fv2%2Fmedia&parent=72491"}],"wp:term":[{"taxonomy":"category","embeddable":true,"href":"https:\/\/www.egemtv.com\/index.php?rest_route=%2Fwp%2Fv2%2Fcategories&post=72491"},{"taxonomy":"post_tag","embeddable":true,"href":"https:\/\/www.egemtv.com\/index.php?rest_route=%2Fwp%2Fv2%2Ftags&post=72491"}],"curies":[{"name":"wp","href":"https:\/\/api.w.org\/{rel}","templated":true}]}}