{"id":72485,"date":"2025-12-06T18:34:46","date_gmt":"2025-12-06T15:34:46","guid":{"rendered":"https:\/\/www.egemtv.com\/?p=72485"},"modified":"2025-12-06T18:34:46","modified_gmt":"2025-12-06T15:34:46","slug":"gocmen-kacakciligi-operasyonunda-10-tutuklama","status":"publish","type":"post","link":"https:\/\/www.egemtv.com\/?p=72485","title":{"rendered":"G\u00f6\u00e7men ka\u00e7ak\u00e7\u0131l\u0131\u011f\u0131 operasyonunda 10 tutuklama"},"content":{"rendered":"<p>Mu\u011fla merkezli 8 ilde d\u00fczenlenen g\u00f6\u00e7men ka\u00e7ak\u00e7\u0131l\u0131\u011f\u0131 operasyonunda g\u00f6zalt\u0131na al\u0131nan 29 \u015f\u00fcpheliden 10\u2019u tutukland\u0131.<\/p>\n<p>Fethiye Cumhuriyet Ba\u015fsavc\u0131l\u0131\u011f\u0131\u2019n\u0131n talimat\u0131yla kentte g\u00f6\u00e7men ka\u00e7ak\u00e7\u0131l\u0131\u011f\u0131 yapanlara y\u00f6nelik \u00e7al\u0131\u015fma ba\u015flat\u0131ld\u0131. \u0130l Jandarma Komutanl\u0131\u011f\u0131 ile Sahil G\u00fcvenlik Ege Deniz B\u00f6lge Komutanl\u0131\u011f\u0131 ekiplerince Mu\u011fla merkezli Gaziantep, Bursa, Bal\u0131kesir, \u0130zmir, \u0130stanbul, Kocaeli, Rize\u2019de e\u015f zamanl\u0131 operasyon d\u00fczenlendi. Bu kapsamda g\u00f6zalt\u0131na al\u0131nan 29 \u015f\u00fcpheli jandarmadaki i\u015flemlerinin ard\u0131ndan adliyeye sevk edildi. \u015e\u00fcphelilerden 10\u2019u \u00e7\u0131kar\u0131ld\u0131klar\u0131 hakimlik\u00e7e tutukland\u0131, 7\u2019si ise adli kontrol \u015fart\u0131yla serbest b\u0131rak\u0131ld\u0131, di\u011fer \u015f\u00fcpheliler ise sal\u0131verildi. Ayr\u0131ca operasyon kapsam\u0131nda tespit edilen 6 \u015f\u00fcphelinin yakalanmas\u0131 i\u00e7in \u00e7al\u0131\u015fmalar\u0131n s\u00fcrd\u00fc\u011f\u00fc \u00f6\u011frenildi.<br \/><\/p>\n","protected":false},"excerpt":{"rendered":"<p>Mu\u011fla merkezli 8 ilde d\u00fczenlenen g\u00f6\u00e7men ka\u00e7ak\u00e7\u0131l\u0131\u011f\u0131 operasyonunda g\u00f6zalt\u0131na al\u0131nan 29 \u015f\u00fcpheliden 10\u2019u tutukland\u0131. Fethiye Cumhuriyet Ba\u015fsavc\u0131l\u0131\u011f\u0131\u2019n\u0131n talimat\u0131yla kentte g\u00f6\u00e7men ka\u00e7ak\u00e7\u0131l\u0131\u011f\u0131 yapanlara y\u00f6nelik \u00e7al\u0131\u015fma ba\u015flat\u0131ld\u0131. \u0130l Jandarma Komutanl\u0131\u011f\u0131 ile Sahil G\u00fcvenlik Ege Deniz B\u00f6lge Komutanl\u0131\u011f\u0131 ekiplerince Mu\u011fla merkezli Gaziantep, Bursa, Bal\u0131kesir, \u0130zmir, \u0130stanbul, Kocaeli, Rize\u2019de e\u015f zamanl\u0131 operasyon d\u00fczenlendi. Bu kapsamda g\u00f6zalt\u0131na al\u0131nan 29 \u015f\u00fcpheli&#8230;<\/p>\n","protected":false},"author":1,"featured_media":72486,"comment_status":"open","ping_status":"open","sticky":false,"template":"","format":"standard","meta":{"_crdt_document":"","footnotes":""},"categories":[5],"tags":[],"class_list":["post-72485","post","type-post","status-publish","format-standard","has-post-thumbnail","hentry","category-asayis"],"_links":{"self":[{"href":"https:\/\/www.egemtv.com\/index.php?rest_route=\/wp\/v2\/posts\/72485","targetHints":{"allow":["GET"]}}],"collection":[{"href":"https:\/\/www.egemtv.com\/index.php?rest_route=\/wp\/v2\/posts"}],"about":[{"href":"https:\/\/www.egemtv.com\/index.php?rest_route=\/wp\/v2\/types\/post"}],"author":[{"embeddable":true,"href":"https:\/\/www.egemtv.com\/index.php?rest_route=\/wp\/v2\/users\/1"}],"replies":[{"embeddable":true,"href":"https:\/\/www.egemtv.com\/index.php?rest_route=%2Fwp%2Fv2%2Fcomments&post=72485"}],"version-history":[{"count":1,"href":"https:\/\/www.egemtv.com\/index.php?rest_route=\/wp\/v2\/posts\/72485\/revisions"}],"predecessor-version":[{"id":72487,"href":"https:\/\/www.egemtv.com\/index.php?rest_route=\/wp\/v2\/posts\/72485\/revisions\/72487"}],"wp:featuredmedia":[{"embeddable":true,"href":"https:\/\/www.egemtv.com\/index.php?rest_route=\/wp\/v2\/media\/72486"}],"wp:attachment":[{"href":"https:\/\/www.egemtv.com\/index.php?rest_route=%2Fwp%2Fv2%2Fmedia&parent=72485"}],"wp:term":[{"taxonomy":"category","embeddable":true,"href":"https:\/\/www.egemtv.com\/index.php?rest_route=%2Fwp%2Fv2%2Fcategories&post=72485"},{"taxonomy":"post_tag","embeddable":true,"href":"https:\/\/www.egemtv.com\/index.php?rest_route=%2Fwp%2Fv2%2Ftags&post=72485"}],"curies":[{"name":"wp","href":"https:\/\/api.w.org\/{rel}","templated":true}]}}