{"id":72482,"date":"2025-12-06T17:15:13","date_gmt":"2025-12-06T14:15:13","guid":{"rendered":"https:\/\/www.egemtv.com\/?p=72482"},"modified":"2025-12-06T17:15:14","modified_gmt":"2025-12-06T14:15:14","slug":"karacasuda-ogrenciler-tiyatroyla-bulustu","status":"publish","type":"post","link":"https:\/\/www.egemtv.com\/?p=72482","title":{"rendered":"Karacasu\u2019da \u00f6\u011frenciler tiyatroyla bulu\u015ftu"},"content":{"rendered":"<p>Karacasu Kaymakaml\u0131\u011f\u0131 ordinesinde y\u00fcr\u00fct\u00fclen &#8220;\u0130l\u00e7emizde Tiyatro Bilmeyen Kalmas\u0131n&#8221; projesi kapsam\u0131nda \u00f6\u011frenciler, \u0130zmir Devlet Tiyatrosu\u2019nda sahnelenen oyunu izleyerek k\u00fclt\u00fcr ve sanatla i\u00e7 i\u00e7e bir g\u00fcn ge\u00e7irdi.<br \/>\n<br \/>Karacasu Kaymakaml\u0131\u011f\u0131 koordinesinde, \u00f6\u011frencilerin k\u00fclt\u00fcr ve sanatla bulu\u015fmas\u0131n\u0131 te\u015fvik etmek, sanatsal fark\u0131ndal\u0131klar\u0131n\u0131 art\u0131rmak ve tiyatro k\u00fclt\u00fcr\u00fcn\u00fc yayg\u0131nla\u015ft\u0131rmak amac\u0131yla hayata ge\u00e7irilen &#8220;\u0130l\u00e7emizde Tiyatro Bilmeyen Kalmas\u0131n&#8221; projesi devam ediyor. Proje kapsam\u0131nda Belediye Ba\u015fkan\u0131, kurum amirleri, \u00f6\u011fretmenler ve \u00f6\u011frenciler \u0130zmir Devlet Tiyatrosu\u2019nda sahnelenen oyunu birlikte izledi. Etkinlik sayesinde \u00f6\u011frenciler hem sahne sanatlar\u0131n\u0131 yak\u0131ndan tan\u0131ma f\u0131rsat\u0131 buldu hem de tiyatro deneyimi ya\u015fad\u0131. \u00c7ocuklar\u0131n ve gen\u00e7lerin k\u00fclt\u00fcr-sanat etkinliklerine kat\u0131l\u0131m\u0131n\u0131 art\u0131rmay\u0131 hedefleyen projenin \u00f6n\u00fcm\u00fczdeki s\u00fcre\u00e7te farkl\u0131 etkinliklerle s\u00fcrd\u00fcr\u00fclece\u011fini ifade eden Karacasu Kaymakaml\u0131\u011f\u0131 yapt\u0131\u011f\u0131 a\u00e7\u0131klamada &#8220;Kaymakaml\u0131\u011f\u0131m\u0131z koordinesinde, \u00f6\u011frencilerimizin k\u00fclt\u00fcr ve sanatla bulu\u015fmas\u0131n\u0131 te\u015fvik etmek; \u00e7ocuklar\u0131m\u0131z\u0131n sanatsal fark\u0131ndal\u0131\u011f\u0131n\u0131 art\u0131rmak ve tiyatro k\u00fclt\u00fcr\u00fcn\u00fc yayg\u0131nla\u015ft\u0131rmak amac\u0131yla y\u00fcr\u00fct\u00fclen \u2019\u0130l\u00e7emizde Tiyatro Bilmeyen Kalmas\u0131n\u2019 projesi kapsam\u0131nda \u00f6\u011fretmenlerimiz ve \u00f6\u011frencilerimiz \u0130zmir Devlet Tiyatrosu\u2019nda sahnelenen oyunu izledi&#8221; ifadeleri yer ald\u0131.<br \/><\/p>\n","protected":false},"excerpt":{"rendered":"<p>Karacasu Kaymakaml\u0131\u011f\u0131 ordinesinde y\u00fcr\u00fct\u00fclen &#8220;\u0130l\u00e7emizde Tiyatro Bilmeyen Kalmas\u0131n&#8221; projesi kapsam\u0131nda \u00f6\u011frenciler, \u0130zmir Devlet Tiyatrosu\u2019nda sahnelenen oyunu izleyerek k\u00fclt\u00fcr ve sanatla i\u00e7 i\u00e7e bir g\u00fcn ge\u00e7irdi. Karacasu Kaymakaml\u0131\u011f\u0131 koordinesinde, \u00f6\u011frencilerin k\u00fclt\u00fcr ve sanatla bulu\u015fmas\u0131n\u0131 te\u015fvik etmek, sanatsal fark\u0131ndal\u0131klar\u0131n\u0131 art\u0131rmak ve tiyatro k\u00fclt\u00fcr\u00fcn\u00fc yayg\u0131nla\u015ft\u0131rmak amac\u0131yla hayata ge\u00e7irilen &#8220;\u0130l\u00e7emizde Tiyatro Bilmeyen Kalmas\u0131n&#8221; projesi devam ediyor. Proje kapsam\u0131nda Belediye&#8230;<\/p>\n","protected":false},"author":1,"featured_media":72483,"comment_status":"open","ping_status":"open","sticky":false,"template":"","format":"standard","meta":{"_crdt_document":"","footnotes":""},"categories":[1],"tags":[],"class_list":["post-72482","post","type-post","status-publish","format-standard","has-post-thumbnail","hentry","category-guncel"],"_links":{"self":[{"href":"https:\/\/www.egemtv.com\/index.php?rest_route=\/wp\/v2\/posts\/72482","targetHints":{"allow":["GET"]}}],"collection":[{"href":"https:\/\/www.egemtv.com\/index.php?rest_route=\/wp\/v2\/posts"}],"about":[{"href":"https:\/\/www.egemtv.com\/index.php?rest_route=\/wp\/v2\/types\/post"}],"author":[{"embeddable":true,"href":"https:\/\/www.egemtv.com\/index.php?rest_route=\/wp\/v2\/users\/1"}],"replies":[{"embeddable":true,"href":"https:\/\/www.egemtv.com\/index.php?rest_route=%2Fwp%2Fv2%2Fcomments&post=72482"}],"version-history":[{"count":1,"href":"https:\/\/www.egemtv.com\/index.php?rest_route=\/wp\/v2\/posts\/72482\/revisions"}],"predecessor-version":[{"id":72484,"href":"https:\/\/www.egemtv.com\/index.php?rest_route=\/wp\/v2\/posts\/72482\/revisions\/72484"}],"wp:featuredmedia":[{"embeddable":true,"href":"https:\/\/www.egemtv.com\/index.php?rest_route=\/wp\/v2\/media\/72483"}],"wp:attachment":[{"href":"https:\/\/www.egemtv.com\/index.php?rest_route=%2Fwp%2Fv2%2Fmedia&parent=72482"}],"wp:term":[{"taxonomy":"category","embeddable":true,"href":"https:\/\/www.egemtv.com\/index.php?rest_route=%2Fwp%2Fv2%2Fcategories&post=72482"},{"taxonomy":"post_tag","embeddable":true,"href":"https:\/\/www.egemtv.com\/index.php?rest_route=%2Fwp%2Fv2%2Ftags&post=72482"}],"curies":[{"name":"wp","href":"https:\/\/api.w.org\/{rel}","templated":true}]}}