{"id":72479,"date":"2025-12-06T17:15:12","date_gmt":"2025-12-06T14:15:12","guid":{"rendered":"https:\/\/www.egemtv.com\/?p=72479"},"modified":"2025-12-06T17:15:13","modified_gmt":"2025-12-06T14:15:13","slug":"yalcin-kosukavak-serik-maci-bizim-icin-cok-kritikti","status":"publish","type":"post","link":"https:\/\/www.egemtv.com\/?p=72479","title":{"rendered":"Yal\u00e7\u0131n Ko\u015fukavak: &#8220;Serik ma\u00e7\u0131 bizim i\u00e7in \u00e7ok kritikti&#8221;"},"content":{"rendered":"<p>Ankara Ke\u00e7i\u00f6reng\u00fcc\u00fc Teknik Direkt\u00f6r\u00fc Yal\u00e7\u0131n Ko\u015fukavak, galibiyetle ayr\u0131ld\u0131klar\u0131 Serik Spor ma\u00e7\u0131n\u0131n kendileri i\u00e7in \u00e7ok kritik oldu\u011funu s\u00f6yledi.<br \/>\n<br \/>Trendyol 1. Lig\u2019in 16. haftas\u0131nda deplasmanda Ankara Ke\u00e7i\u00f6reng\u00fcc\u00fc, deplasmanda Serik Spor\u2019u 3-1 ma\u011flup etti. Ankara Ke\u00e7i\u00f6reng\u00fcc\u00fc Teknik Direkt\u00f6r\u00fc Yal\u00e7\u0131n Ko\u015fukavak, bas\u0131n toplant\u0131s\u0131nda de\u011ferlendirmelerde bulundu. Ko\u015fukavak, al\u0131nan galibiyetin kendileri i\u00e7in psikolojik a\u00e7\u0131dan b\u00fcy\u00fck \u00f6nem ta\u015f\u0131d\u0131\u011f\u0131n\u0131 vurgulayarak, &#8220;Bu ma\u00e7 bizim i\u00e7in \u00e7ok kritikti. Biz Van deplasman\u0131nda 90+2\u2019de bir gol yedik. Galibiyeti orada ka\u00e7\u0131rd\u0131k. Ge\u00e7en hafta da I\u011fd\u0131r FK\u2019ya kar\u015f\u0131 \u00e7ok g\u00fc\u00e7l\u00fc bir oyun oynamam\u0131za ra\u011fmen skoru lehimize \u00e7eviremedik. Bu sefer Serik deplasman\u0131 bizim i\u00e7in kazanmam\u0131z ad\u0131na \u00e7ok anlam ifade etmeye ba\u015flad\u0131. Hafta i\u00e7i de bir kupa ma\u00e7\u0131 oynad\u0131k, 120 dakika. Buras\u0131 \u00f6nemliydi&#8221; dedi.<br \/>\n<br \/>Rakip Serikspor\u2019un 4 ma\u00e7l\u0131k galibiyet serisiyle geldi\u011fini hat\u0131rlatan Ko\u015fukavak, ma\u00e7a \u00e7\u0131k\u0131\u015f stratejilerini detayland\u0131rd\u0131. Serik Spor\u2019un ekonomik problemleri olmas\u0131na ra\u011fmen ligde iyi bir ivme yakalad\u0131\u011f\u0131n\u0131 belirten tecr\u00fcbeli teknik adam, ma\u00e7 \u00f6ncesi atmosferin kritik oldu\u011funu dile getirdi.<br \/>\n<br \/>Ma\u00e7 i\u00e7i stratejilerini a\u00e7\u0131klayan Ko\u015fukavak, planlar\u0131n\u0131n i\u015fledi\u011fini s\u00f6yleyerek, &#8220;Oyunu iyi kontrol ettik. Oyunun ba\u015f\u0131nda bir pozisyondan penalt\u0131 kazand\u0131k, 1-0 \u00f6ne ge\u00e7ince bu sefer rakibimizin daha \u00e7ok top aya\u011f\u0131ndayken oynama yetilerinin d\u00fc\u015f\u00fck oldu\u011funu bildi\u011fimiz i\u00e7in biraz daha alanda bekledik. Daha ge\u00e7i\u015f h\u00fccumlar\u0131yla skoru \u00e7o\u011faltmaya \u00e7al\u0131\u015ft\u0131k. Bu planlad\u0131\u011f\u0131m\u0131z gibi de oldu&#8221; \u015feklinde konu\u015ftu.<br \/>\n<br \/>Teknik Direkt\u00f6r Ko\u015fukavak, kar\u015f\u0131la\u015fman\u0131n son b\u00f6l\u00fcm\u00fcnde ya\u015fanan d\u00fc\u015f\u00fc\u015fe de dikkat \u00e7ekti. Oyuna sonradan giren oyuncular\u0131n performans\u0131n\u0131n bekledi\u011fi gibi olmad\u0131\u011f\u0131n\u0131 ifade ederek, bu durumun rakibi kendi yar\u0131 sahalar\u0131nda daha fazla g\u00f6rmelerine neden oldu\u011funu s\u00f6yledi. Ma\u00e7\u0131 3-1 kazanman\u0131n mutlulu\u011funu ya\u015fad\u0131klar\u0131n\u0131 s\u00f6zlerine ekleyen Ko\u015fukavak, &#8220;Tabii oyunun son b\u00f6l\u00fcm\u00fc hakk\u0131nda bunlar\u0131 s\u00f6yleyemeyece\u011fim. Biraz oyunun son b\u00f6l\u00fcm\u00fcnde ben\u00e7\u2019ten giren oyuncular\u0131n biraz performans\u0131 iyi olmad\u0131\u011f\u0131 i\u00e7in rakibi biraz daha kendi alan\u0131m\u0131zda g\u00f6rmeye ba\u015flad\u0131k. Orada da bir gol buldular. 3-1 kazand\u0131k. Mutluyuz. Kazanan tak\u0131m olmaya devam etmenin yolunu ar\u0131yoruz&#8221; diyerek s\u00f6zlerini noktalad\u0131.<br \/><\/p>\n","protected":false},"excerpt":{"rendered":"<p>Ankara Ke\u00e7i\u00f6reng\u00fcc\u00fc Teknik Direkt\u00f6r\u00fc Yal\u00e7\u0131n Ko\u015fukavak, galibiyetle ayr\u0131ld\u0131klar\u0131 Serik Spor ma\u00e7\u0131n\u0131n kendileri i\u00e7in \u00e7ok kritik oldu\u011funu s\u00f6yledi. Trendyol 1. Lig\u2019in 16. haftas\u0131nda deplasmanda Ankara Ke\u00e7i\u00f6reng\u00fcc\u00fc, deplasmanda Serik Spor\u2019u 3-1 ma\u011flup etti. Ankara Ke\u00e7i\u00f6reng\u00fcc\u00fc Teknik Direkt\u00f6r\u00fc Yal\u00e7\u0131n Ko\u015fukavak, bas\u0131n toplant\u0131s\u0131nda de\u011ferlendirmelerde bulundu. Ko\u015fukavak, al\u0131nan galibiyetin kendileri i\u00e7in psikolojik a\u00e7\u0131dan b\u00fcy\u00fck \u00f6nem ta\u015f\u0131d\u0131\u011f\u0131n\u0131 vurgulayarak, &#8220;Bu ma\u00e7 bizim&#8230;<\/p>\n","protected":false},"author":1,"featured_media":72480,"comment_status":"open","ping_status":"open","sticky":false,"template":"","format":"standard","meta":{"_crdt_document":"","footnotes":""},"categories":[4],"tags":[],"class_list":["post-72479","post","type-post","status-publish","format-standard","has-post-thumbnail","hentry","category-spor"],"_links":{"self":[{"href":"https:\/\/www.egemtv.com\/index.php?rest_route=\/wp\/v2\/posts\/72479","targetHints":{"allow":["GET"]}}],"collection":[{"href":"https:\/\/www.egemtv.com\/index.php?rest_route=\/wp\/v2\/posts"}],"about":[{"href":"https:\/\/www.egemtv.com\/index.php?rest_route=\/wp\/v2\/types\/post"}],"author":[{"embeddable":true,"href":"https:\/\/www.egemtv.com\/index.php?rest_route=\/wp\/v2\/users\/1"}],"replies":[{"embeddable":true,"href":"https:\/\/www.egemtv.com\/index.php?rest_route=%2Fwp%2Fv2%2Fcomments&post=72479"}],"version-history":[{"count":1,"href":"https:\/\/www.egemtv.com\/index.php?rest_route=\/wp\/v2\/posts\/72479\/revisions"}],"predecessor-version":[{"id":72481,"href":"https:\/\/www.egemtv.com\/index.php?rest_route=\/wp\/v2\/posts\/72479\/revisions\/72481"}],"wp:featuredmedia":[{"embeddable":true,"href":"https:\/\/www.egemtv.com\/index.php?rest_route=\/wp\/v2\/media\/72480"}],"wp:attachment":[{"href":"https:\/\/www.egemtv.com\/index.php?rest_route=%2Fwp%2Fv2%2Fmedia&parent=72479"}],"wp:term":[{"taxonomy":"category","embeddable":true,"href":"https:\/\/www.egemtv.com\/index.php?rest_route=%2Fwp%2Fv2%2Fcategories&post=72479"},{"taxonomy":"post_tag","embeddable":true,"href":"https:\/\/www.egemtv.com\/index.php?rest_route=%2Fwp%2Fv2%2Ftags&post=72479"}],"curies":[{"name":"wp","href":"https:\/\/api.w.org\/{rel}","templated":true}]}}