{"id":72476,"date":"2025-12-06T16:56:00","date_gmt":"2025-12-06T13:56:00","guid":{"rendered":"https:\/\/www.egemtv.com\/?p=72476"},"modified":"2025-12-06T16:56:00","modified_gmt":"2025-12-06T13:56:00","slug":"alasehir-narliderede-yillarin-icme-suyu-sorunu-son-buldu","status":"publish","type":"post","link":"https:\/\/www.egemtv.com\/?p=72476","title":{"rendered":"Ala\u015fehir Narl\u0131dere\u2019de y\u0131llar\u0131n i\u00e7me suyu sorunu son buldu"},"content":{"rendered":"<p>Manisa Su ve Kanalizasyon \u0130daresi (MASK\u0130) Genel M\u00fcd\u00fcrl\u00fc\u011f\u00fc, Ala\u015fehir il\u00e7esi Narl\u0131dere Mahallesi\u2019ndeki vatanda\u015flar\u0131n uzun y\u0131llard\u0131r \u00e7ekti\u011fi su s\u0131k\u0131nt\u0131s\u0131na son verdi. Mahallede yeni sondaj kuyusu, pompa ve 2 kilometrelik terfi hatt\u0131 devreye al\u0131nd\u0131. Tamamen yenilenen yeni i\u00e7me suyu hatt\u0131 ile vatanda\u015flar sa\u011fl\u0131kl\u0131 ve kesintisiz suya ula\u015ft\u0131.<br \/>\n<br \/>Manisa Su ve Kanalizasyon \u0130daresi (MASK\u0130) Genel M\u00fcd\u00fcrl\u00fc\u011f\u00fc, il genelinde altyap\u0131y\u0131 modernize etmeye y\u00f6nelik kapsaml\u0131 yat\u0131r\u0131mlar\u0131n\u0131 s\u00fcrd\u00fcr\u00fcyor. Y\u00fcr\u00fct\u00fclen \u00e7al\u0131\u015fmalar hem mevcut sorunlar\u0131 \u00e7\u00f6z\u00fcyor hem de Manisa\u2019n\u0131n gelecekteki su ihtiyac\u0131na g\u00fcvence olu\u015fturuyor. Ala\u015fehir\u2019in Narl\u0131dere Mahallesi\u2019nde yakla\u015f\u0131k 15 y\u0131ld\u0131r s\u00fcren i\u00e7me suyu sorununu \u00e7\u00f6z\u00fcme kavu\u015fturan MASK\u0130, tamamlanan \u00e7al\u0131\u015fmayla birlikte mahalle sakinlerine sa\u011fl\u0131kl\u0131 ve kesintisiz suya kavu\u015fturdu.<br \/>\n<br \/>Mahallede \u00f6nemli bir altyap\u0131 d\u00f6n\u00fc\u015f\u00fcm\u00fc ger\u00e7ekle\u015ftirdiklerini belirten \u0130\u00e7me Suyu Dairesi Ba\u015fkanl\u0131\u011f\u0131 Bak\u0131m Onar\u0131m \u015eube M\u00fcd\u00fcr\u00fc Samet Suba\u015f\u0131, &#8220;MASK\u0130 olarak a\u00e7t\u0131\u011f\u0131m\u0131z yeni i\u00e7me suyu sondaj\u0131n\u0131n 2 kilometrelik terfi hatt\u0131n\u0131n d\u00f6\u015femesini tamamlad\u0131k. \u015eebeke hatt\u0131 yenileme \u00e7al\u0131\u015fmalar\u0131n\u0131 ger\u00e7ekle\u015ftirdik. Vatanda\u015flar\u0131m\u0131za temiz ve sa\u011fl\u0131kl\u0131 i\u00e7me suyu sa\u011flad\u0131k&#8221; dedi.<br \/>\n<br \/>Y\u0131llard\u0131r ya\u015fanan su sorunlar\u0131n\u0131n ortadan kalkt\u0131\u011f\u0131n\u0131 s\u00f6yleyen Narl\u0131dere Mahalle Muhtar\u0131 Murat Y\u0131lmaz, &#8220;Mahallemizde MASK\u0130 taraf\u0131ndan yeni sondaj, pompa ve terfi hatt\u0131 yap\u0131ld\u0131. Borulardaki a\u015f\u0131r\u0131 kire\u00e7lenme nedeniyle depomuz dolu olsa bile suyu evlere aktaram\u0131yorduk. Eskidi\u011fi i\u00e7in borular patl\u0131yor, her g\u00fcn ekip \u00e7a\u011f\u0131rmak zorunda kal\u0131yorduk. S\u00fcrekli kaz\u0131 oluyor, yollar bozuluyordu. Yakla\u015f\u0131k 15 y\u0131ld\u0131r bu sorunu ya\u015f\u0131yorduk, Allah\u2019a \u015f\u00fck\u00fcr \u00e7\u00f6z\u00fcld\u00fc. Yeni hat \u00e7ok sa\u011fl\u0131kl\u0131 \u00e7al\u0131\u015f\u0131yor. Ekipler g\u00fczel i\u015f\u00e7ilik yapt\u0131. Merhum ba\u015fkan\u0131m\u0131z Ferdi Zeyrek\u2019e ve mevcut ba\u015fkan\u0131m\u0131z Besim Dutlulu\u2019ya mahallem ad\u0131na te\u015fekk\u00fcr ediyorum&#8221; dedi.<br \/>\n<br \/>Yap\u0131lan \u00e7al\u0131\u015fmalardan duyduklar\u0131 memnuniyetleri dile getiren mahalle sakinleri Manisa B\u00fcy\u00fck\u015fehir Belediye Ba\u015fkan\u0131 Besim Dutlulu ve ekibine te\u015fekk\u00fcrlerini iletti. Memnuniyetini ifade eden mahalle sakinlerinden Sultan \u00c7elik, &#8220;Sular\u0131m\u0131z akm\u0131yordu. K\u00f6y\u00fcm\u00fcze asla hizmet yoktu. \u015eimdi su hatlar\u0131m\u0131z yenilendi. Art\u0131k ma\u015fallah sular\u0131m\u0131z \u00e7ok g\u00fczel ak\u0131yor. Bas\u0131n\u00e7 \u00e7o\u011fald\u0131. Makinelerimiz cay\u0131r cay\u0131r \u00e7al\u0131\u015f\u0131yor. Daha \u00f6nce su az akt\u0131\u011f\u0131ndan dolay\u0131 makinelerimiz \u00e7al\u0131\u015fm\u0131yordu. \u00c7al\u0131\u015fmaktan geliyorduk sular\u0131m\u0131z olmuyordu. Hep su s\u0131k\u0131nt\u0131s\u0131 \u00e7ekiyorduk. Geceden geceye \u00e7ama\u015f\u0131r y\u0131k\u0131yorduk. Allah\u2019a \u015f\u00fck\u00fcr \u015fimdi rahat\u0131z. Ba\u015fkan\u0131m\u0131za te\u015fekk\u00fcr ederim. Sa\u011f olsun var olsun. \u00c7ok memnunuz, Allah raz\u0131 olsun. Bir kere de\u011fil bin kere&#8221; dedi.<br \/>\n<br \/>Bir di\u011fer mahalle sakini Zeycan F\u0131rt\u0131na ise 8 y\u0131ld\u0131r ya\u015fad\u0131\u011f\u0131 su probleminden kurtuldu\u011funu belirterek, &#8220;Sular\u0131m\u0131z akm\u0131yordu, \u00e7ama\u015f\u0131r makinelerimize su gelmiyordu. \u015eimdi her \u015fey \u00e7ok g\u00fczel oldu. Besim Ba\u015fkan\u0131m\u0131za te\u015fekk\u00fcr ederiz, hizmetlerin devam\u0131n\u0131 isteriz&#8221; diye konu\u015ftu.<br \/><\/p>\n","protected":false},"excerpt":{"rendered":"<p>Manisa Su ve Kanalizasyon \u0130daresi (MASK\u0130) Genel M\u00fcd\u00fcrl\u00fc\u011f\u00fc, Ala\u015fehir il\u00e7esi Narl\u0131dere Mahallesi\u2019ndeki vatanda\u015flar\u0131n uzun y\u0131llard\u0131r \u00e7ekti\u011fi su s\u0131k\u0131nt\u0131s\u0131na son verdi. Mahallede yeni sondaj kuyusu, pompa ve 2 kilometrelik terfi hatt\u0131 devreye al\u0131nd\u0131. Tamamen yenilenen yeni i\u00e7me suyu hatt\u0131 ile vatanda\u015flar sa\u011fl\u0131kl\u0131 ve kesintisiz suya ula\u015ft\u0131. Manisa Su ve Kanalizasyon \u0130daresi (MASK\u0130) Genel M\u00fcd\u00fcrl\u00fc\u011f\u00fc, il genelinde&#8230;<\/p>\n","protected":false},"author":1,"featured_media":72477,"comment_status":"open","ping_status":"open","sticky":false,"template":"","format":"standard","meta":{"_crdt_document":"","footnotes":""},"categories":[123],"tags":[],"class_list":["post-72476","post","type-post","status-publish","format-standard","has-post-thumbnail","hentry","category-gundem"],"_links":{"self":[{"href":"https:\/\/www.egemtv.com\/index.php?rest_route=\/wp\/v2\/posts\/72476","targetHints":{"allow":["GET"]}}],"collection":[{"href":"https:\/\/www.egemtv.com\/index.php?rest_route=\/wp\/v2\/posts"}],"about":[{"href":"https:\/\/www.egemtv.com\/index.php?rest_route=\/wp\/v2\/types\/post"}],"author":[{"embeddable":true,"href":"https:\/\/www.egemtv.com\/index.php?rest_route=\/wp\/v2\/users\/1"}],"replies":[{"embeddable":true,"href":"https:\/\/www.egemtv.com\/index.php?rest_route=%2Fwp%2Fv2%2Fcomments&post=72476"}],"version-history":[{"count":1,"href":"https:\/\/www.egemtv.com\/index.php?rest_route=\/wp\/v2\/posts\/72476\/revisions"}],"predecessor-version":[{"id":72478,"href":"https:\/\/www.egemtv.com\/index.php?rest_route=\/wp\/v2\/posts\/72476\/revisions\/72478"}],"wp:featuredmedia":[{"embeddable":true,"href":"https:\/\/www.egemtv.com\/index.php?rest_route=\/wp\/v2\/media\/72477"}],"wp:attachment":[{"href":"https:\/\/www.egemtv.com\/index.php?rest_route=%2Fwp%2Fv2%2Fmedia&parent=72476"}],"wp:term":[{"taxonomy":"category","embeddable":true,"href":"https:\/\/www.egemtv.com\/index.php?rest_route=%2Fwp%2Fv2%2Fcategories&post=72476"},{"taxonomy":"post_tag","embeddable":true,"href":"https:\/\/www.egemtv.com\/index.php?rest_route=%2Fwp%2Fv2%2Ftags&post=72476"}],"curies":[{"name":"wp","href":"https:\/\/api.w.org\/{rel}","templated":true}]}}