{"id":72473,"date":"2025-12-06T16:34:51","date_gmt":"2025-12-06T13:34:51","guid":{"rendered":"https:\/\/www.egemtv.com\/?p=72473"},"modified":"2025-12-06T16:34:52","modified_gmt":"2025-12-06T13:34:52","slug":"muglaya-mevsimin-ilk-kari-yagdi","status":"publish","type":"post","link":"https:\/\/www.egemtv.com\/?p=72473","title":{"rendered":"Mu\u011fla\u2019ya mevsimin ilk kar\u0131 ya\u011fd\u0131"},"content":{"rendered":"<p>Mu\u011fla\u2019da al\u00e7ak kesimlerde etkili olan ya\u011fmur, y\u00fcksek kesimlerde yerini kar ya\u011f\u0131\u015f\u0131na b\u0131rak\u0131rken, Kavakl\u0131dere il\u00e7esinde bulunan G\u00f6ktepe Da\u011f\u0131\u2019na mevsimin ilk kar\u0131 d\u00fc\u015ft\u00fc.<\/p>\n<p>Ege ve Akdeniz iklimlerinin ge\u00e7i\u015f noktas\u0131nda yer alan Mu\u011fla\u2019da, k\u0131\u015f mevsiminin ilk m\u00fcjdecisi olan kar y\u00fcksek kesimlerde g\u00f6r\u00fcld\u00fc. Mu\u011fla\u2019n\u0131n Kavakl\u0131dere il\u00e7esine ba\u011fl\u0131 G\u00f6ktepe Da\u011f\u0131\u2019na, bu sezonun ilk kar\u0131 ya\u011fd\u0131. B\u00f6lge halk\u0131 ve do\u011faseverler taraf\u0131ndan heyecanla kar\u015f\u0131lanan kar ya\u011f\u0131\u015f\u0131, \u00f6zellikle da\u011f\u0131n zirvesini beyaza b\u00fcr\u00fcd\u00fc. Kar\u0131n ya\u011f\u0131\u015f\u0131yla birlikte b\u00f6lgedeki hava s\u0131cakl\u0131klar\u0131 hissedilir derecede d\u00fc\u015ferken, ortaya \u00e7\u0131kan kartpostall\u0131k manzaralar foto\u011fraf tutkunlar\u0131n\u0131n ilgi oda\u011f\u0131 oldu.<br \/><\/p>\n","protected":false},"excerpt":{"rendered":"<p>Mu\u011fla\u2019da al\u00e7ak kesimlerde etkili olan ya\u011fmur, y\u00fcksek kesimlerde yerini kar ya\u011f\u0131\u015f\u0131na b\u0131rak\u0131rken, Kavakl\u0131dere il\u00e7esinde bulunan G\u00f6ktepe Da\u011f\u0131\u2019na mevsimin ilk kar\u0131 d\u00fc\u015ft\u00fc. Ege ve Akdeniz iklimlerinin ge\u00e7i\u015f noktas\u0131nda yer alan Mu\u011fla\u2019da, k\u0131\u015f mevsiminin ilk m\u00fcjdecisi olan kar y\u00fcksek kesimlerde g\u00f6r\u00fcld\u00fc. Mu\u011fla\u2019n\u0131n Kavakl\u0131dere il\u00e7esine ba\u011fl\u0131 G\u00f6ktepe Da\u011f\u0131\u2019na, bu sezonun ilk kar\u0131 ya\u011fd\u0131. B\u00f6lge halk\u0131 ve do\u011faseverler taraf\u0131ndan&#8230;<\/p>\n","protected":false},"author":1,"featured_media":72474,"comment_status":"open","ping_status":"open","sticky":false,"template":"","format":"standard","meta":{"_crdt_document":"","footnotes":""},"categories":[1],"tags":[],"class_list":["post-72473","post","type-post","status-publish","format-standard","has-post-thumbnail","hentry","category-guncel"],"_links":{"self":[{"href":"https:\/\/www.egemtv.com\/index.php?rest_route=\/wp\/v2\/posts\/72473","targetHints":{"allow":["GET"]}}],"collection":[{"href":"https:\/\/www.egemtv.com\/index.php?rest_route=\/wp\/v2\/posts"}],"about":[{"href":"https:\/\/www.egemtv.com\/index.php?rest_route=\/wp\/v2\/types\/post"}],"author":[{"embeddable":true,"href":"https:\/\/www.egemtv.com\/index.php?rest_route=\/wp\/v2\/users\/1"}],"replies":[{"embeddable":true,"href":"https:\/\/www.egemtv.com\/index.php?rest_route=%2Fwp%2Fv2%2Fcomments&post=72473"}],"version-history":[{"count":1,"href":"https:\/\/www.egemtv.com\/index.php?rest_route=\/wp\/v2\/posts\/72473\/revisions"}],"predecessor-version":[{"id":72475,"href":"https:\/\/www.egemtv.com\/index.php?rest_route=\/wp\/v2\/posts\/72473\/revisions\/72475"}],"wp:featuredmedia":[{"embeddable":true,"href":"https:\/\/www.egemtv.com\/index.php?rest_route=\/wp\/v2\/media\/72474"}],"wp:attachment":[{"href":"https:\/\/www.egemtv.com\/index.php?rest_route=%2Fwp%2Fv2%2Fmedia&parent=72473"}],"wp:term":[{"taxonomy":"category","embeddable":true,"href":"https:\/\/www.egemtv.com\/index.php?rest_route=%2Fwp%2Fv2%2Fcategories&post=72473"},{"taxonomy":"post_tag","embeddable":true,"href":"https:\/\/www.egemtv.com\/index.php?rest_route=%2Fwp%2Fv2%2Ftags&post=72473"}],"curies":[{"name":"wp","href":"https:\/\/api.w.org\/{rel}","templated":true}]}}