{"id":72470,"date":"2025-12-06T16:34:50","date_gmt":"2025-12-06T13:34:50","guid":{"rendered":"https:\/\/www.egemtv.com\/?p=72470"},"modified":"2025-12-06T16:34:51","modified_gmt":"2025-12-06T13:34:51","slug":"camur-rengine-burunen-deniz-havadan-goruntulendi","status":"publish","type":"post","link":"https:\/\/www.egemtv.com\/?p=72470","title":{"rendered":"\u00c7amur rengine b\u00fcr\u00fcnen deniz havadan g\u00f6r\u00fcnt\u00fclendi"},"content":{"rendered":"<p>Mu\u011fla\u2019n\u0131n Marmaris il\u00e7esinde 2 g\u00fcnd\u00fcr etkili olan sa\u011fanak ya\u011f\u0131\u015f sonras\u0131nda denize d\u00f6k\u00fclen ya\u011fmur sular\u0131 ve f\u0131rt\u0131na sebebiyle iskeleye \u00e7arparak karaya oturan gezi teknesi havadan g\u00f6r\u00fcnt\u00fclendi.<br \/>\n<br \/>Marmaris\u2019te \u00f6nceki gece yar\u0131s\u0131ndan itibaren etkili olan ya\u011f\u0131\u015flar aral\u0131kl\u0131 olarak devam ederken, il\u00e7ede d\u00fcn \u015fiddetli f\u0131rt\u0131na sebebiyle d\u00f6rt tekne karaya oturmu\u015f, a\u011fa\u00e7lar devrilerek yollara d\u00f6k\u00fclm\u00fc\u015ft\u00fc. Ya\u011f\u0131\u015flar, \u00f6zellikle k\u0131rsal mahalleleri etkilerken, yollar ve tarlalarda da yo\u011fun su birikintileri meydana gelmi\u015fti. \u0130l\u00e7e genelinde bug\u00fcn sabah saatlerinden itibaren ya\u011f\u0131\u015f aral\u0131kl\u0131 olarak etkisini s\u00fcrd\u00fcr\u00fcrken, dereler ve sokaklardaki ya\u011fmur sular\u0131 da denize d\u00f6k\u00fclmeye ba\u015flad\u0131. Marmaris Kemeralt\u0131 Mahallesi Halk Plaj\u0131 mevkiinde denizle bulu\u015fan ya\u011fmur sular\u0131 ise denizi \u00e7amur rengine b\u00fcr\u00fcnd\u00fcrd\u00fc. Ya\u011f\u0131\u015flar\u0131n ard\u0131ndan \u00e7amura rengine b\u00fcr\u00fcnen deniz ise drone pilotu Resul Bulguro\u011flu taraf\u0131ndan havadan g\u00f6r\u00fcnt\u00fclendi. Denizde olu\u015fan renk de\u011fi\u015fimi net bir \u015fekilde g\u00f6r\u00fcn\u00fcrken, derelerin denizle birle\u015fti\u011fi noktadaki \u00e7amur rengi yo\u011funlu\u011fu dikkat \u00e7ekti.<\/p>\n<p>\u0130skeleye \u00e7arp\u0131p karaya oturmu\u015ftu<br \/>\n<br \/>Ya\u011f\u0131\u015flar\u0131n yan\u0131 s\u0131ra etkili olan f\u0131rt\u0131na sebebiyle de il\u00e7edeki Granitsa, Kastabos, Wiseone ve Demir-1 isimli 4 gezi teknesi de s\u00fcr\u00fcklenerek karaya oturmu\u015ftu. Uzunyal\u0131 mevkiinde iskeleye \u00e7arparak karaya oturan Demir-1 isimli tekne de Bulguro\u011flu taraf\u0131ndan havadan g\u00f6r\u00fcnt\u00fclendi. Herhangi bir can kayb\u0131 veya yaralanman\u0131n ya\u015fanmad\u0131\u011f\u0131 olay\u0131n ard\u0131ndan karaya oturan gezi teknelerinin yap\u0131lan incelemelerinde deniz kirlili\u011fi olu\u015fturmad\u0131\u011f\u0131 tespit edilirken, havadan g\u00f6r\u00fcnt\u00fclenen Demir-1 isimli teknenin yan yatm\u0131\u015f vaziyette oldu\u011fu g\u00f6r\u00fcld\u00fc. Olay sonras\u0131nda gerekli incelemeleri yap\u0131lan teknelerin hava \u015fartlar\u0131n\u0131n d\u00fczelmesinin ard\u0131ndan kald\u0131r\u0131laca\u011f\u0131 \u00f6\u011frenildi.<br \/>\n<br \/>\u0130l\u00e7e genelinde etkisini s\u00fcrd\u00fcren ya\u011f\u0131\u015f ve f\u0131rt\u0131na sebebiyle yetkililer, vatanda\u015flar\u0131n tedbirli ve dikkatli olmalar\u0131n\u0131 istedi.<br \/><\/p>\n","protected":false},"excerpt":{"rendered":"<p>Mu\u011fla\u2019n\u0131n Marmaris il\u00e7esinde 2 g\u00fcnd\u00fcr etkili olan sa\u011fanak ya\u011f\u0131\u015f sonras\u0131nda denize d\u00f6k\u00fclen ya\u011fmur sular\u0131 ve f\u0131rt\u0131na sebebiyle iskeleye \u00e7arparak karaya oturan gezi teknesi havadan g\u00f6r\u00fcnt\u00fclendi. Marmaris\u2019te \u00f6nceki gece yar\u0131s\u0131ndan itibaren etkili olan ya\u011f\u0131\u015flar aral\u0131kl\u0131 olarak devam ederken, il\u00e7ede d\u00fcn \u015fiddetli f\u0131rt\u0131na sebebiyle d\u00f6rt tekne karaya oturmu\u015f, a\u011fa\u00e7lar devrilerek yollara d\u00f6k\u00fclm\u00fc\u015ft\u00fc. Ya\u011f\u0131\u015flar, \u00f6zellikle k\u0131rsal mahalleleri etkilerken,&#8230;<\/p>\n","protected":false},"author":1,"featured_media":72471,"comment_status":"open","ping_status":"open","sticky":false,"template":"","format":"standard","meta":{"_crdt_document":"","footnotes":""},"categories":[1],"tags":[],"class_list":["post-72470","post","type-post","status-publish","format-standard","has-post-thumbnail","hentry","category-guncel"],"_links":{"self":[{"href":"https:\/\/www.egemtv.com\/index.php?rest_route=\/wp\/v2\/posts\/72470","targetHints":{"allow":["GET"]}}],"collection":[{"href":"https:\/\/www.egemtv.com\/index.php?rest_route=\/wp\/v2\/posts"}],"about":[{"href":"https:\/\/www.egemtv.com\/index.php?rest_route=\/wp\/v2\/types\/post"}],"author":[{"embeddable":true,"href":"https:\/\/www.egemtv.com\/index.php?rest_route=\/wp\/v2\/users\/1"}],"replies":[{"embeddable":true,"href":"https:\/\/www.egemtv.com\/index.php?rest_route=%2Fwp%2Fv2%2Fcomments&post=72470"}],"version-history":[{"count":1,"href":"https:\/\/www.egemtv.com\/index.php?rest_route=\/wp\/v2\/posts\/72470\/revisions"}],"predecessor-version":[{"id":72472,"href":"https:\/\/www.egemtv.com\/index.php?rest_route=\/wp\/v2\/posts\/72470\/revisions\/72472"}],"wp:featuredmedia":[{"embeddable":true,"href":"https:\/\/www.egemtv.com\/index.php?rest_route=\/wp\/v2\/media\/72471"}],"wp:attachment":[{"href":"https:\/\/www.egemtv.com\/index.php?rest_route=%2Fwp%2Fv2%2Fmedia&parent=72470"}],"wp:term":[{"taxonomy":"category","embeddable":true,"href":"https:\/\/www.egemtv.com\/index.php?rest_route=%2Fwp%2Fv2%2Fcategories&post=72470"},{"taxonomy":"post_tag","embeddable":true,"href":"https:\/\/www.egemtv.com\/index.php?rest_route=%2Fwp%2Fv2%2Ftags&post=72470"}],"curies":[{"name":"wp","href":"https:\/\/api.w.org\/{rel}","templated":true}]}}