{"id":72464,"date":"2025-12-06T16:18:26","date_gmt":"2025-12-06T13:18:26","guid":{"rendered":"https:\/\/www.egemtv.com\/?p=72464"},"modified":"2025-12-06T16:18:26","modified_gmt":"2025-12-06T13:18:26","slug":"ispartadaki-bassiz-ceset-sorusturmasinda-4-gozalti","status":"publish","type":"post","link":"https:\/\/www.egemtv.com\/?p=72464","title":{"rendered":"Isparta\u2019daki ba\u015fs\u0131z ceset soru\u015fturmas\u0131nda 4 g\u00f6zalt\u0131"},"content":{"rendered":"<p>Isparta\u2019n\u0131n Ke\u00e7iborlu il\u00e7esinde yanm\u0131\u015f bir arac\u0131n yak\u0131n\u0131nda ba\u015fs\u0131z bir ceset bulundu. Kaybolan ba\u015f\u0131n bulunmas\u0131 i\u00e7in kadavra k\u00f6pekleriyle arama \u00e7al\u0131\u015fmalar\u0131 yap\u0131l\u0131rken, k\u00f6ydeki baz\u0131 evlerde de aramalar ger\u00e7ekle\u015ftirildi. Olayla ilgili 4 \u015f\u00fcpheli g\u00f6zalt\u0131na al\u0131nd\u0131\u011f\u0131 bildirildi.<br \/>\n<br \/>Olay, sabah saatlerinde Isparta\u2019n\u0131n Ke\u00e7iborlu il\u00e7esine ba\u011fl\u0131 Aydo\u011fmu\u015f k\u00f6y\u00fcnde meydana geldi. Edinilen bilgiye g\u00f6re, da\u011fl\u0131k alanda yanm\u0131\u015f bir arac\u0131n yak\u0131n\u0131nda hareketsiz yatan bir ki\u015fiyi g\u00f6ren vatanda\u015flar durumu 112 Acil \u00c7a\u011fr\u0131 Merkezi\u2019ne bildirdi. \u0130hbar \u00fczerine b\u00f6lgeye jandarma ekipleri sevk edildi. Olay yerine gelen ekiplerin yapt\u0131\u011f\u0131 incelemede, ba\u015f k\u0131sm\u0131 olmayan bir erkek cesedi oldu\u011fu tespit edildi. Yap\u0131lan ara\u015ft\u0131rmada cesedin, k\u00f6yde kay\u0131p olarak aranan 39 ya\u015f\u0131ndaki \u00e7oban Ferdi \u00d6zdemir\u2019e ait oldu\u011fu belirlendi. Yak\u0131nlar\u0131n\u0131n b\u00f6lgeye getirilerek te\u015fhis yapmas\u0131yla kimlik do\u011fruland\u0131. Jandarma ekipleri, \u00d6zdemir\u2019in ba\u015f\u0131n\u0131n g\u00f6vdesinden ayr\u0131ld\u0131\u011f\u0131n\u0131 tespit ederken, b\u00f6lgede geni\u015f g\u00fcvenlik \u00f6nlemleri al\u0131nd\u0131. Ferdi \u00d6zdemir\u2019in cenazesi, olay yerindeki incelemelerin ard\u0131ndan otopsi i\u00e7in morga kald\u0131r\u0131ld\u0131.<\/p>\n<p>Bir \u00f6nceki ak\u015fama ait g\u00f6r\u00fcnt\u00fcler ortaya \u00e7\u0131kt\u0131<br \/>\n<br \/>\u00d6te yandan, \u00d6zdemir\u2019in olaydan \u00f6nceki son g\u00f6r\u00fcnt\u00fcleri de ortaya \u00e7\u0131kt\u0131. \u00d6zdemir\u2019in d\u00fcn saat 19.55 s\u0131ralar\u0131nda k\u00f6yde bir markete girerek al\u0131\u015fveri\u015f yapt\u0131ktan sonra marketten ayr\u0131ld\u0131\u011f\u0131 g\u00f6r\u00fcld\u00fc. Geceyi da\u011fda ge\u00e7irdi\u011fi belirlenen \u00d6zdemir\u2019in \u00f6l\u00fcm\u00fcne ili\u015fkin ara\u015ft\u0131rmalar\u0131n s\u00fcrd\u00fc\u011f\u00fc kaydedildi.<\/p>\n<p>K\u00f6ydeki evlerde arama \u00e7al\u0131\u015fmalar\u0131 ba\u015flat\u0131ld\u0131<br \/>\n<br \/>Cesedin kay\u0131p ba\u015f k\u0131sm\u0131n\u0131 bulmak i\u00e7in jandarma ekipleri sabah saatlerinde kadavra k\u00f6pekleriyle arama \u00e7al\u0131\u015fmas\u0131 ba\u015flatt\u0131. \u00d6\u011fle saatlerinde arazi aramalar\u0131 tamamlan\u0131rken, \u00f6\u011fleden sonra k\u00f6yde \u015f\u00fcpheli g\u00f6r\u00fclen baz\u0131 evlerde aramalar yap\u0131ld\u0131. Arama \u00e7al\u0131\u015fmalar\u0131n\u0131n s\u00fcrd\u00fc\u011f\u00fc belirtilirken, olayla ilgili 4 \u015f\u00fcpheli g\u00f6zalt\u0131na al\u0131nd\u0131.<\/p>\n<p>&#8220;Vah\u015fice i\u015flendi\u011fi de\u011ferlendirilen cinayet&#8221;<br \/>\n<br \/>Isparta Valili\u011finin sosyal medya hesab\u0131ndan yap\u0131lan a\u00e7\u0131klamada, &#8220;5 Aral\u0131k 2025 tarihinde Ke\u00e7iborlu il\u00e7emize ba\u011fl\u0131 Aydo\u011fmu\u015f k\u00f6y\u00fcnde yanm\u0131\u015f bir arac\u0131n yak\u0131n\u0131nda F.\u00d6. isimli vatanda\u015f\u0131m\u0131z\u0131n v\u00fccut b\u00fct\u00fcnl\u00fc\u011f\u00fc bozulmu\u015f cans\u0131z bedeni bulunmu\u015ftur. Vah\u015fice i\u015flendi\u011fi de\u011ferlendirilen cinayetin ayd\u0131nlat\u0131lmas\u0131 ve faillerinin yakalanmas\u0131na y\u00f6nelik \u00e7al\u0131\u015fmalar t\u00fcm birimlerimiz taraf\u0131ndan kararl\u0131l\u0131kla ve aral\u0131ks\u0131z olarak s\u00fcrd\u00fcr\u00fclmektedir. Adli tahkikat, Cumhuriyet Ba\u015fsavc\u0131l\u0131\u011f\u0131 koordinesinde \u00e7ok y\u00f6nl\u00fc \u015fekilde devam etmektedir. Faillerin en k\u0131sa s\u00fcrede yakalan\u0131p adalete teslim edilece\u011finden kimsenin \u015f\u00fcphesi olmas\u0131n&#8221; ifadelerini kulland\u0131.<br \/><\/p>\n","protected":false},"excerpt":{"rendered":"<p>Isparta\u2019n\u0131n Ke\u00e7iborlu il\u00e7esinde yanm\u0131\u015f bir arac\u0131n yak\u0131n\u0131nda ba\u015fs\u0131z bir ceset bulundu. Kaybolan ba\u015f\u0131n bulunmas\u0131 i\u00e7in kadavra k\u00f6pekleriyle arama \u00e7al\u0131\u015fmalar\u0131 yap\u0131l\u0131rken, k\u00f6ydeki baz\u0131 evlerde de aramalar ger\u00e7ekle\u015ftirildi. Olayla ilgili 4 \u015f\u00fcpheli g\u00f6zalt\u0131na al\u0131nd\u0131\u011f\u0131 bildirildi. Olay, sabah saatlerinde Isparta\u2019n\u0131n Ke\u00e7iborlu il\u00e7esine ba\u011fl\u0131 Aydo\u011fmu\u015f k\u00f6y\u00fcnde meydana geldi. Edinilen bilgiye g\u00f6re, da\u011fl\u0131k alanda yanm\u0131\u015f bir arac\u0131n yak\u0131n\u0131nda hareketsiz yatan&#8230;<\/p>\n","protected":false},"author":1,"featured_media":72465,"comment_status":"open","ping_status":"open","sticky":false,"template":"","format":"standard","meta":{"_crdt_document":"","footnotes":""},"categories":[5],"tags":[],"class_list":["post-72464","post","type-post","status-publish","format-standard","has-post-thumbnail","hentry","category-asayis"],"_links":{"self":[{"href":"https:\/\/www.egemtv.com\/index.php?rest_route=\/wp\/v2\/posts\/72464","targetHints":{"allow":["GET"]}}],"collection":[{"href":"https:\/\/www.egemtv.com\/index.php?rest_route=\/wp\/v2\/posts"}],"about":[{"href":"https:\/\/www.egemtv.com\/index.php?rest_route=\/wp\/v2\/types\/post"}],"author":[{"embeddable":true,"href":"https:\/\/www.egemtv.com\/index.php?rest_route=\/wp\/v2\/users\/1"}],"replies":[{"embeddable":true,"href":"https:\/\/www.egemtv.com\/index.php?rest_route=%2Fwp%2Fv2%2Fcomments&post=72464"}],"version-history":[{"count":1,"href":"https:\/\/www.egemtv.com\/index.php?rest_route=\/wp\/v2\/posts\/72464\/revisions"}],"predecessor-version":[{"id":72466,"href":"https:\/\/www.egemtv.com\/index.php?rest_route=\/wp\/v2\/posts\/72464\/revisions\/72466"}],"wp:featuredmedia":[{"embeddable":true,"href":"https:\/\/www.egemtv.com\/index.php?rest_route=\/wp\/v2\/media\/72465"}],"wp:attachment":[{"href":"https:\/\/www.egemtv.com\/index.php?rest_route=%2Fwp%2Fv2%2Fmedia&parent=72464"}],"wp:term":[{"taxonomy":"category","embeddable":true,"href":"https:\/\/www.egemtv.com\/index.php?rest_route=%2Fwp%2Fv2%2Fcategories&post=72464"},{"taxonomy":"post_tag","embeddable":true,"href":"https:\/\/www.egemtv.com\/index.php?rest_route=%2Fwp%2Fv2%2Ftags&post=72464"}],"curies":[{"name":"wp","href":"https:\/\/api.w.org\/{rel}","templated":true}]}}