{"id":72461,"date":"2025-12-06T16:18:25","date_gmt":"2025-12-06T13:18:25","guid":{"rendered":"https:\/\/www.egemtv.com\/?p=72461"},"modified":"2025-12-06T16:18:25","modified_gmt":"2025-12-06T13:18:25","slug":"bakan-bak-somada-stat-acilisi-yapti","status":"publish","type":"post","link":"https:\/\/www.egemtv.com\/?p=72461","title":{"rendered":"Bakan Bak, Soma\u2019da stat a\u00e7\u0131l\u0131\u015f\u0131 yapt\u0131"},"content":{"rendered":"<p>Gen\u00e7lik ve Spor Bakan\u0131 Osman A\u015fk\u0131n Bak, Manisa\u2019n\u0131n Soma il\u00e7esinde yap\u0131m\u0131 tamamlanan Naz\u0131m Yavuz Stadyumu\u2019nun a\u00e7\u0131l\u0131\u015f\u0131n\u0131 yapt\u0131. A Milli Futbol Tak\u0131m\u0131\u2019n\u0131n 2026 D\u00fcnya Kupas\u0131 hedefine de\u011finen Bakan Bak, &#8220;\u00d6nce Romanya\u2019y\u0131 eleyip, ard\u0131ndan Slovakya-Kosova galibiyle oynayarak D\u00fcnya Kupas\u0131\u2019na gitmeyi hedefliyoruz&#8221; dedi.<br \/>\n<br \/>Manisa\u2019n\u0131n Soma il\u00e7esinde Somaspor\u2019un yeni evi olacak Naz\u0131m Yavuz Stadyumu, d\u00fczenlenen t\u00f6renle hizmete girdi. 6 bin seyirci kapasiteli modern stadyumun a\u00e7\u0131l\u0131\u015f\u0131na Gen\u00e7lik ve Spor Bakan\u0131 Osman A\u015fk\u0131n Bak, Manisa Valisi Vahdettin \u00d6zkan, \u00f6nceki d\u00f6nem Gen\u00e7lik ve Spor Bakan\u0131 ve AK Parti \u0130zmir Milletvekili Dr. Mehmet Muharrem Kasapo\u011flu, AK Parti Manisa Milletvekili Murat Baybatur, Soma Belediye Ba\u015fkan\u0131 Sercan Okur, AK Parti Manisa \u0130l Ba\u015fkan\u0131 S\u00fcleyman Turgut, protokol \u00fcyeleri ve \u00e7ok say\u0131da vatanda\u015f kat\u0131ld\u0131. S\u0131f\u0131rdan in\u015fa edilen ve uluslararas\u0131 standartlara sahip olan stadyum, a\u00e7\u0131l\u0131\u015f\u0131n ard\u0131ndan Somaspor ile Menemen Spor aras\u0131nda oynanan m\u00fcsabakaya ev sahipli\u011fi yapt\u0131. T\u00f6ren \u00f6ncesinde stadyum zeminini inceleyen ve \u00e7imleri kontrol eden Bakan Bak, futbol topuyla da sahay\u0131 test etti.<\/p>\n<p>&#8220;Soma bir futbol \u015fehri&#8221;<br \/>\n<br \/>T\u00f6rende konu\u015fan Gen\u00e7lik ve Spor Bakan\u0131 Osman A\u015fk\u0131n Bak, tesisle\u015fmenin \u00f6nemine vurgu yapt\u0131. Soma ve \u00e7evresinin T\u00fcrk futboluna \u00f6nemli isimler kazand\u0131rd\u0131\u011f\u0131n\u0131 belirten Bakan Bak, &#8220;Altyap\u0131lar \u00e7ok \u00f6nemli. Soma, futbolda \u00f6nemli bir tak\u0131m ve de\u011ferli oyuncular yeti\u015ftiriyor. Bunlardan bir tanesi de Be\u015fikta\u015f\u2019a transfer olan, ard\u0131ndan Rizespor\u2019a giden Emrecan. Dolay\u0131s\u0131yla buras\u0131 bir futbol \u015fehri. Manisa, Soma ve Akhisar T\u00fcrk futbolunda \u00f6nemli bir yere sahip. Bu tesislerin ne kadar \u00f6nemli oldu\u011funu g\u00f6r\u00fcyoruz. Eme\u011fi ge\u00e7enlere te\u015fekk\u00fcr ediyoruz&#8221; dedi.<\/p>\n<p>&#8220;Hedefimiz 2026 D\u00fcnya Kupas\u0131&#8221;<br \/>\n<br \/>A Milli Futbol Tak\u0131m\u0131\u2019n\u0131n 2026 D\u00fcnya Kupas\u0131 yolculu\u011funa dair de\u011ferlendirmelerde bulunan Bakan Bak, \u015funlar\u0131 s\u00f6yledi: &#8220;Milli tak\u0131m\u0131m\u0131z i\u00e7in iki viraj kald\u0131. Kuralar \u00e7ekildi. \u0130n\u015fallah \u00f6nce Romanya\u2019y\u0131 eleyip, ondan sonra da Slovakya-Kosova galibiyle oynayarak D\u00fcnya Kupas\u0131\u2019na gitmeyi hedefliyoruz. Tak\u0131m\u0131m\u0131z gen\u00e7 bir tak\u0131m. Buradan yeti\u015fen pek \u00e7ok sporcuyla beraber T\u00fcrk futbolu \u00f6nemli bir s\u00fcrece do\u011fru gidiyor.&#8221;<br \/>\n<br \/>T\u00fcrkiye\u2019nin spordaki ivmesine dikkat \u00e7eken Bakan Bak, voleybol ve basketboldaki ba\u015far\u0131lardan da \u00f6vg\u00fcyle bahsetti. 2032 y\u0131l\u0131ndaki b\u00fcy\u00fck organizasyonu hat\u0131rlatan Bak, &#8220;2032 Avrupa Futbol \u015eampiyonas\u0131\u2019n\u0131 \u0130talya ile beraber ortakla\u015fa organize edece\u011fiz. Ancak yap\u0131lan modern tesisler sebebiyle \u015fampiyonan\u0131n b\u00fcy\u00fck bir k\u0131sm\u0131 b\u00fcy\u00fck ihtimalle T\u00fcrkiye\u2019de olacak. Say\u0131n Cumhurba\u015fkan\u0131m\u0131z\u0131n talimatlar\u0131 do\u011frultusunda T\u00fcrkiye\u2019nin d\u00f6rt bir yan\u0131nda tesisler yapmaya devam ediyoruz. 6 bin ki\u015filik bu butik ve \u00f6zel stat Soma\u2019ya hay\u0131rl\u0131 olsun. Somaspor\u2019a ba\u015far\u0131lar diliyorum&#8221; ifadelerini kulland\u0131.<br \/>\n<br \/>A\u00e7\u0131l\u0131\u015f kurdelesinin kesilmesinin ard\u0131ndan protokol \u00fcyeleri ve taraftarlar, stadyumdaki ilk ma\u00e7 heyecan\u0131na ortak oldu.<br \/><\/p>\n","protected":false},"excerpt":{"rendered":"<p>Gen\u00e7lik ve Spor Bakan\u0131 Osman A\u015fk\u0131n Bak, Manisa\u2019n\u0131n Soma il\u00e7esinde yap\u0131m\u0131 tamamlanan Naz\u0131m Yavuz Stadyumu\u2019nun a\u00e7\u0131l\u0131\u015f\u0131n\u0131 yapt\u0131. A Milli Futbol Tak\u0131m\u0131\u2019n\u0131n 2026 D\u00fcnya Kupas\u0131 hedefine de\u011finen Bakan Bak, &#8220;\u00d6nce Romanya\u2019y\u0131 eleyip, ard\u0131ndan Slovakya-Kosova galibiyle oynayarak D\u00fcnya Kupas\u0131\u2019na gitmeyi hedefliyoruz&#8221; dedi. Manisa\u2019n\u0131n Soma il\u00e7esinde Somaspor\u2019un yeni evi olacak Naz\u0131m Yavuz Stadyumu, d\u00fczenlenen t\u00f6renle hizmete girdi. 6&#8230;<\/p>\n","protected":false},"author":1,"featured_media":72462,"comment_status":"open","ping_status":"open","sticky":false,"template":"","format":"standard","meta":{"_crdt_document":"","footnotes":""},"categories":[4],"tags":[],"class_list":["post-72461","post","type-post","status-publish","format-standard","has-post-thumbnail","hentry","category-spor"],"_links":{"self":[{"href":"https:\/\/www.egemtv.com\/index.php?rest_route=\/wp\/v2\/posts\/72461","targetHints":{"allow":["GET"]}}],"collection":[{"href":"https:\/\/www.egemtv.com\/index.php?rest_route=\/wp\/v2\/posts"}],"about":[{"href":"https:\/\/www.egemtv.com\/index.php?rest_route=\/wp\/v2\/types\/post"}],"author":[{"embeddable":true,"href":"https:\/\/www.egemtv.com\/index.php?rest_route=\/wp\/v2\/users\/1"}],"replies":[{"embeddable":true,"href":"https:\/\/www.egemtv.com\/index.php?rest_route=%2Fwp%2Fv2%2Fcomments&post=72461"}],"version-history":[{"count":1,"href":"https:\/\/www.egemtv.com\/index.php?rest_route=\/wp\/v2\/posts\/72461\/revisions"}],"predecessor-version":[{"id":72463,"href":"https:\/\/www.egemtv.com\/index.php?rest_route=\/wp\/v2\/posts\/72461\/revisions\/72463"}],"wp:featuredmedia":[{"embeddable":true,"href":"https:\/\/www.egemtv.com\/index.php?rest_route=\/wp\/v2\/media\/72462"}],"wp:attachment":[{"href":"https:\/\/www.egemtv.com\/index.php?rest_route=%2Fwp%2Fv2%2Fmedia&parent=72461"}],"wp:term":[{"taxonomy":"category","embeddable":true,"href":"https:\/\/www.egemtv.com\/index.php?rest_route=%2Fwp%2Fv2%2Fcategories&post=72461"},{"taxonomy":"post_tag","embeddable":true,"href":"https:\/\/www.egemtv.com\/index.php?rest_route=%2Fwp%2Fv2%2Ftags&post=72461"}],"curies":[{"name":"wp","href":"https:\/\/api.w.org\/{rel}","templated":true}]}}