{"id":72458,"date":"2025-12-06T16:18:24","date_gmt":"2025-12-06T13:18:24","guid":{"rendered":"https:\/\/www.egemtv.com\/?p=72458"},"modified":"2025-12-06T16:18:24","modified_gmt":"2025-12-06T13:18:24","slug":"denizli-sirketler-basketbol-liginde-odul-toreni-yapildi","status":"publish","type":"post","link":"https:\/\/www.egemtv.com\/?p=72458","title":{"rendered":"Denizli \u015eirketler Basketbol Ligi\u2019nde \u00f6d\u00fcl t\u00f6reni yap\u0131ld\u0131"},"content":{"rendered":"<p>Denizli Sanayi Odas\u0131 (DSO) ve Denizli Basketbol Geli\u015ftirme Derne\u011fi (DEBAGED) i\u015f birli\u011fiyle Denizli\u2019deki spor k\u00fclt\u00fcr\u00fcn\u00fc geli\u015ftirmeyi hedefleyen Denizli \u015eirketler Basketbol Ligi 2025 sezonunda kat\u0131l\u0131m sa\u011flayan firmalar i\u00e7in \u00f6d\u00fcl t\u00f6reni d\u00fczenlendi.<br \/>\n<br \/>Denizli Sanayi Odas\u0131 (DSO) ve Denizli Basketbolu Geli\u015ftirme Derne\u011fi (DEBAGED) i\u015f birli\u011fiyle d\u00fczenlenen 2025 Denizli \u015eirketler Basketbol Ligi \u00f6d\u00fcl t\u00f6reni ile DEBAGED\u2019in 3. kurulu\u015f y\u0131ld\u00f6n\u00fcm\u00fc kutlamas\u0131, yo\u011fun kat\u0131l\u0131mla ger\u00e7ekle\u015ftirildi. Viamor Event Hall\u2019de saat 19.30\u2019da ba\u015flayan programda, lig s\u00fcrecine katk\u0131 sa\u011flayan t\u00fcm tak\u0131mlara ve sporculara kupa, madalya ve hat\u0131ra madalyalar\u0131 takdim edildi. \u00d6d\u00fcl t\u00f6reninin ard\u0131ndan etkinlik kutlama program\u0131yla devam etti. DSO ve DEBAGED, basketbolun geli\u015fimine katk\u0131 sunan sporcular\u0131, kurum temsilcilerini ve t\u00fcm payda\u015flar\u0131 bu \u00f6zel gecede bir araya getirmekten memnuniyet duyduklar\u0131n\u0131 belirtti.<br \/>\n<br \/>Bundan sonraki organizasyonlarda sanayicilerin daha \u00e7ok kat\u0131lmas\u0131n\u0131 tavsiye eden DSO Y\u00f6netim Kurulu \u00dcyesi Enis Emre Boz, &#8220;DEBAGED\u2019in d\u00fczenledi\u011fi organizasyondan dolay\u0131 te\u015fekk\u00fcr ediyoruz. Bundan sonraki sportif anlamda Denizli Sanayi Odas\u0131 ile i\u015f birli\u011finde olacakt\u0131r. Bundan sonraki organizasyonlarda sanayicilerimizin daha \u00e7ok kat\u0131lmas\u0131n\u0131 tavsiye ediyoruz. \u015eirketler bu ekonomik s\u00fcre\u00e7te k\u00fclt\u00fcrel ve sosyal olarak bir araya gelemiyor. Bu sayede \u015firketlerin fair play \u00e7er\u00e7evesinde bu sportif aktivitede bir arada olmalar\u0131 daha olumlu sonu\u00e7lar oluyor&#8221; diye konu\u015ftu.<\/p>\n<p>Sinan Soylu: &#8220;Kat\u0131l\u0131m sa\u011flayan b\u00fct\u00fcn firmalar\u0131m\u0131za te\u015fekk\u00fcr ederiz&#8221;<br \/>\n<br \/>Bu sene 20 tak\u0131m\u0131n kat\u0131ld\u0131\u011f\u0131n\u0131 ve kat\u0131l\u0131m sa\u011flayan firmalara te\u015fekk\u00fcrlerini ileten DEBAGED Ba\u015fkan\u0131 Sinan Soylu da, &#8220;Denizli\u2019de ge\u00e7en senede ilkini ger\u00e7ekle\u015ftirmi\u015f oldu\u011fumuz Denizli \u015eirketler Basketbol Ligi\u2019nde ilk sene 24 g\u00fczide firman\u0131n kat\u0131ld\u0131\u011f\u0131 turnuvada \u00e7ok olumlu tepkiler ald\u0131k. Bu da bizi bu turnuvan\u0131n ikincisini d\u00fczenlememize sebep oldu. Bu sene 20 tak\u0131mla gayet dostane ve rekabetin odlu\u011fu turnuva ger\u00e7ekle\u015ftirdik. Kat\u0131l\u0131m sa\u011flayan b\u00fct\u00fcn firmalar\u0131m\u0131za te\u015fekk\u00fcr ederiz&#8221; dedi.<br \/><\/p>\n","protected":false},"excerpt":{"rendered":"<p>Denizli Sanayi Odas\u0131 (DSO) ve Denizli Basketbol Geli\u015ftirme Derne\u011fi (DEBAGED) i\u015f birli\u011fiyle Denizli\u2019deki spor k\u00fclt\u00fcr\u00fcn\u00fc geli\u015ftirmeyi hedefleyen Denizli \u015eirketler Basketbol Ligi 2025 sezonunda kat\u0131l\u0131m sa\u011flayan firmalar i\u00e7in \u00f6d\u00fcl t\u00f6reni d\u00fczenlendi. Denizli Sanayi Odas\u0131 (DSO) ve Denizli Basketbolu Geli\u015ftirme Derne\u011fi (DEBAGED) i\u015f birli\u011fiyle d\u00fczenlenen 2025 Denizli \u015eirketler Basketbol Ligi \u00f6d\u00fcl t\u00f6reni ile DEBAGED\u2019in 3. kurulu\u015f y\u0131ld\u00f6n\u00fcm\u00fc&#8230;<\/p>\n","protected":false},"author":1,"featured_media":72459,"comment_status":"open","ping_status":"open","sticky":false,"template":"","format":"standard","meta":{"_crdt_document":"","footnotes":""},"categories":[4],"tags":[],"class_list":["post-72458","post","type-post","status-publish","format-standard","has-post-thumbnail","hentry","category-spor"],"_links":{"self":[{"href":"https:\/\/www.egemtv.com\/index.php?rest_route=\/wp\/v2\/posts\/72458","targetHints":{"allow":["GET"]}}],"collection":[{"href":"https:\/\/www.egemtv.com\/index.php?rest_route=\/wp\/v2\/posts"}],"about":[{"href":"https:\/\/www.egemtv.com\/index.php?rest_route=\/wp\/v2\/types\/post"}],"author":[{"embeddable":true,"href":"https:\/\/www.egemtv.com\/index.php?rest_route=\/wp\/v2\/users\/1"}],"replies":[{"embeddable":true,"href":"https:\/\/www.egemtv.com\/index.php?rest_route=%2Fwp%2Fv2%2Fcomments&post=72458"}],"version-history":[{"count":1,"href":"https:\/\/www.egemtv.com\/index.php?rest_route=\/wp\/v2\/posts\/72458\/revisions"}],"predecessor-version":[{"id":72460,"href":"https:\/\/www.egemtv.com\/index.php?rest_route=\/wp\/v2\/posts\/72458\/revisions\/72460"}],"wp:featuredmedia":[{"embeddable":true,"href":"https:\/\/www.egemtv.com\/index.php?rest_route=\/wp\/v2\/media\/72459"}],"wp:attachment":[{"href":"https:\/\/www.egemtv.com\/index.php?rest_route=%2Fwp%2Fv2%2Fmedia&parent=72458"}],"wp:term":[{"taxonomy":"category","embeddable":true,"href":"https:\/\/www.egemtv.com\/index.php?rest_route=%2Fwp%2Fv2%2Fcategories&post=72458"},{"taxonomy":"post_tag","embeddable":true,"href":"https:\/\/www.egemtv.com\/index.php?rest_route=%2Fwp%2Fv2%2Ftags&post=72458"}],"curies":[{"name":"wp","href":"https:\/\/api.w.org\/{rel}","templated":true}]}}