{"id":72455,"date":"2025-12-06T15:56:48","date_gmt":"2025-12-06T12:56:48","guid":{"rendered":"https:\/\/www.egemtv.com\/?p=72455"},"modified":"2025-12-06T15:56:48","modified_gmt":"2025-12-06T12:56:48","slug":"denizlinin-yuksek-kesimlerinde-kar-yagisi-basladi-3","status":"publish","type":"post","link":"https:\/\/www.egemtv.com\/?p=72455","title":{"rendered":"Denizli\u2019nin y\u00fcksek kesimlerinde kar ya\u011f\u0131\u015f\u0131 ba\u015flad\u0131"},"content":{"rendered":"<p>Denizli\u2019de g\u00fcnlerdir devam eden sa\u011fanak ya\u011f\u0131\u015f\u0131n ard\u0131ndan y\u00fcksek kesimlerde kar ya\u011f\u0131\u015f\u0131 ba\u015flad\u0131.<\/p>\n<p>Denizli\u2019nin Tavas il\u00e7esine ba\u011fl\u0131 Nikfer Mahallesi\u2019nde bulunan Bozda\u011f\u2019da kar ya\u011f\u0131\u015f\u0131 ba\u015flad\u0131. Hava s\u0131cakl\u0131klar\u0131nda g\u00f6r\u00fclen d\u00fc\u015f\u00fc\u015flerle birlikte gece saatlerinde ba\u015flayan kar ya\u011f\u0131\u015f\u0131, sabah saatlerinde etkisini art\u0131rarak Bozda\u011f\u2019\u0131 beyaza b\u00fcr\u00fcd\u00fc. Bozda\u011f\u2019da yer alan Denizli Kayak merkezinde sezon haz\u0131rl\u0131klar\u0131 da h\u0131z kazand\u0131. Kayak severlerin g\u00f6zdesi olan Denizli Kayak Merkezinde kar ya\u011f\u0131\u015f\u0131yla birlikte tesislerini yeni sezona haz\u0131rlamak i\u00e7in \u00e7al\u0131\u015fmalara ba\u015flad\u0131.<br \/>\n<br \/>Bir vatanda\u015flar\u0131n ara\u00e7ta seyir halindeyken \u00e7ekti\u011fi g\u00f6r\u00fcnt\u00fclerde kar ya\u011f\u0131\u015f\u0131n\u0131n devam etti\u011fi g\u00f6r\u00fcld\u00fc.<br \/><\/p>\n","protected":false},"excerpt":{"rendered":"<p>Denizli\u2019de g\u00fcnlerdir devam eden sa\u011fanak ya\u011f\u0131\u015f\u0131n ard\u0131ndan y\u00fcksek kesimlerde kar ya\u011f\u0131\u015f\u0131 ba\u015flad\u0131. Denizli\u2019nin Tavas il\u00e7esine ba\u011fl\u0131 Nikfer Mahallesi\u2019nde bulunan Bozda\u011f\u2019da kar ya\u011f\u0131\u015f\u0131 ba\u015flad\u0131. Hava s\u0131cakl\u0131klar\u0131nda g\u00f6r\u00fclen d\u00fc\u015f\u00fc\u015flerle birlikte gece saatlerinde ba\u015flayan kar ya\u011f\u0131\u015f\u0131, sabah saatlerinde etkisini art\u0131rarak Bozda\u011f\u2019\u0131 beyaza b\u00fcr\u00fcd\u00fc. Bozda\u011f\u2019da yer alan Denizli Kayak merkezinde sezon haz\u0131rl\u0131klar\u0131 da h\u0131z kazand\u0131. Kayak severlerin g\u00f6zdesi olan&#8230;<\/p>\n","protected":false},"author":1,"featured_media":72456,"comment_status":"open","ping_status":"open","sticky":false,"template":"","format":"standard","meta":{"_crdt_document":"","footnotes":""},"categories":[1],"tags":[],"class_list":["post-72455","post","type-post","status-publish","format-standard","has-post-thumbnail","hentry","category-guncel"],"_links":{"self":[{"href":"https:\/\/www.egemtv.com\/index.php?rest_route=\/wp\/v2\/posts\/72455","targetHints":{"allow":["GET"]}}],"collection":[{"href":"https:\/\/www.egemtv.com\/index.php?rest_route=\/wp\/v2\/posts"}],"about":[{"href":"https:\/\/www.egemtv.com\/index.php?rest_route=\/wp\/v2\/types\/post"}],"author":[{"embeddable":true,"href":"https:\/\/www.egemtv.com\/index.php?rest_route=\/wp\/v2\/users\/1"}],"replies":[{"embeddable":true,"href":"https:\/\/www.egemtv.com\/index.php?rest_route=%2Fwp%2Fv2%2Fcomments&post=72455"}],"version-history":[{"count":1,"href":"https:\/\/www.egemtv.com\/index.php?rest_route=\/wp\/v2\/posts\/72455\/revisions"}],"predecessor-version":[{"id":72457,"href":"https:\/\/www.egemtv.com\/index.php?rest_route=\/wp\/v2\/posts\/72455\/revisions\/72457"}],"wp:featuredmedia":[{"embeddable":true,"href":"https:\/\/www.egemtv.com\/index.php?rest_route=\/wp\/v2\/media\/72456"}],"wp:attachment":[{"href":"https:\/\/www.egemtv.com\/index.php?rest_route=%2Fwp%2Fv2%2Fmedia&parent=72455"}],"wp:term":[{"taxonomy":"category","embeddable":true,"href":"https:\/\/www.egemtv.com\/index.php?rest_route=%2Fwp%2Fv2%2Fcategories&post=72455"},{"taxonomy":"post_tag","embeddable":true,"href":"https:\/\/www.egemtv.com\/index.php?rest_route=%2Fwp%2Fv2%2Ftags&post=72455"}],"curies":[{"name":"wp","href":"https:\/\/api.w.org\/{rel}","templated":true}]}}