{"id":72452,"date":"2025-12-06T15:56:47","date_gmt":"2025-12-06T12:56:47","guid":{"rendered":"https:\/\/www.egemtv.com\/?p=72452"},"modified":"2025-12-06T15:56:48","modified_gmt":"2025-12-06T12:56:48","slug":"camelide-cintar-bereketi","status":"publish","type":"post","link":"https:\/\/www.egemtv.com\/?p=72452","title":{"rendered":"\u00c7ameli\u2019de cintar bereketi"},"content":{"rendered":"<p>Denizli\u2019nin \u00c7ameli il\u00e7esinde ya\u011f\u0131\u015flar\u0131n ard\u0131ndan yeniden canlanan cintar sezonunda bir arkada\u015f grubu yakla\u015f\u0131k iki saatte kamyonet dolusu mantar toplad\u0131.<\/p>\n<p>Denizli\u2019nin \u00c7ameli il\u00e7esi Karabay\u0131r Mahallesi, son y\u0131llar\u0131n en bereketli cintar sezonlar\u0131ndan birini ya\u015famaya ba\u015flad\u0131. B\u00f6lgede ge\u00e7ti\u011fimiz hafta etkili olan ya\u011f\u0131\u015flar sonras\u0131 da\u011flar adeta cintarla kaplan\u0131rken, mantar toplay\u0131c\u0131lar\u0131n\u0131n y\u00fcz\u00fc g\u00fcld\u00fc. Yakla\u015f\u0131k iki ay \u00f6nce ba\u015flayan ancak ya\u011f\u0131\u015flar\u0131n yetersizli\u011fi nedeniyle 20 g\u00fcn \u00f6nce sona eren sezon, son ya\u011fmurlarla birlikte yeniden canland\u0131. Bu f\u0131rsat\u0131 de\u011ferlendiren Aycan Ongun ve Gurbet Ak\u0131n, Fethiye s\u0131n\u0131r\u0131na yak\u0131n Karabay\u0131r\u2019daki ormanl\u0131k alanda hem do\u011fa y\u00fcr\u00fcy\u00fc\u015f\u00fc yapt\u0131 hem de mantar toplad\u0131.<\/p>\n<p>&#8220;Do\u011fan\u0131n arma\u011fan\u0131 bol olduk\u00e7a biz de toplamaya devam edece\u011fiz&#8221;<br \/>\n<br \/>Yakla\u015f\u0131k iki saatlik y\u00fcr\u00fcy\u00fc\u015f\u00fcn ard\u0131ndan ekip, kamyoneti dolduracak kadar cintar toplamay\u0131 ba\u015fard\u0131. Toplanan mantarlar\u0131n bir k\u0131sm\u0131 temizlenip b\u00f6rek yap\u0131m\u0131nda kullan\u0131l\u0131rken, geri kalan\u0131 kom\u015fulara, akrabalara ve yak\u0131n \u00e7evreye payla\u015ft\u0131r\u0131ld\u0131. Bu y\u0131lki bollu\u011fa dikkat \u00e7eken Aycan Ongun, &#8220;Her y\u0131l cintar sezonunu sab\u0131rs\u0131zl\u0131kla bekliyoruz. Bu sezon ya\u011f\u0131\u015flar zaman\u0131nda geldi ve hava mevsim normallerinde ilerledi\u011fi i\u00e7in e\u015fine az rastlan\u0131r bir bolluk ya\u015f\u0131yoruz. Da\u011fa \u00e7\u0131kan kimse eli bo\u015f d\u00f6nm\u00fcyor. Hem temiz havada y\u00fcr\u00fcy\u00fc\u015f yap\u0131yoruz hem de sofralar\u0131m\u0131z\u0131 do\u011fal \u00fcr\u00fcnlerle zenginle\u015ftiriyoruz. Do\u011fan\u0131n arma\u011fan\u0131 bol olduk\u00e7a biz de toplamaya devam edece\u011fiz&#8221; dedi.<br \/><\/p>\n","protected":false},"excerpt":{"rendered":"<p>Denizli\u2019nin \u00c7ameli il\u00e7esinde ya\u011f\u0131\u015flar\u0131n ard\u0131ndan yeniden canlanan cintar sezonunda bir arkada\u015f grubu yakla\u015f\u0131k iki saatte kamyonet dolusu mantar toplad\u0131. Denizli\u2019nin \u00c7ameli il\u00e7esi Karabay\u0131r Mahallesi, son y\u0131llar\u0131n en bereketli cintar sezonlar\u0131ndan birini ya\u015famaya ba\u015flad\u0131. B\u00f6lgede ge\u00e7ti\u011fimiz hafta etkili olan ya\u011f\u0131\u015flar sonras\u0131 da\u011flar adeta cintarla kaplan\u0131rken, mantar toplay\u0131c\u0131lar\u0131n\u0131n y\u00fcz\u00fc g\u00fcld\u00fc. Yakla\u015f\u0131k iki ay \u00f6nce ba\u015flayan ancak ya\u011f\u0131\u015flar\u0131n&#8230;<\/p>\n","protected":false},"author":1,"featured_media":72453,"comment_status":"open","ping_status":"open","sticky":false,"template":"","format":"standard","meta":{"_crdt_document":"","footnotes":""},"categories":[1],"tags":[],"class_list":["post-72452","post","type-post","status-publish","format-standard","has-post-thumbnail","hentry","category-guncel"],"_links":{"self":[{"href":"https:\/\/www.egemtv.com\/index.php?rest_route=\/wp\/v2\/posts\/72452","targetHints":{"allow":["GET"]}}],"collection":[{"href":"https:\/\/www.egemtv.com\/index.php?rest_route=\/wp\/v2\/posts"}],"about":[{"href":"https:\/\/www.egemtv.com\/index.php?rest_route=\/wp\/v2\/types\/post"}],"author":[{"embeddable":true,"href":"https:\/\/www.egemtv.com\/index.php?rest_route=\/wp\/v2\/users\/1"}],"replies":[{"embeddable":true,"href":"https:\/\/www.egemtv.com\/index.php?rest_route=%2Fwp%2Fv2%2Fcomments&post=72452"}],"version-history":[{"count":1,"href":"https:\/\/www.egemtv.com\/index.php?rest_route=\/wp\/v2\/posts\/72452\/revisions"}],"predecessor-version":[{"id":72454,"href":"https:\/\/www.egemtv.com\/index.php?rest_route=\/wp\/v2\/posts\/72452\/revisions\/72454"}],"wp:featuredmedia":[{"embeddable":true,"href":"https:\/\/www.egemtv.com\/index.php?rest_route=\/wp\/v2\/media\/72453"}],"wp:attachment":[{"href":"https:\/\/www.egemtv.com\/index.php?rest_route=%2Fwp%2Fv2%2Fmedia&parent=72452"}],"wp:term":[{"taxonomy":"category","embeddable":true,"href":"https:\/\/www.egemtv.com\/index.php?rest_route=%2Fwp%2Fv2%2Fcategories&post=72452"},{"taxonomy":"post_tag","embeddable":true,"href":"https:\/\/www.egemtv.com\/index.php?rest_route=%2Fwp%2Fv2%2Ftags&post=72452"}],"curies":[{"name":"wp","href":"https:\/\/api.w.org\/{rel}","templated":true}]}}