{"id":72446,"date":"2025-12-06T15:14:50","date_gmt":"2025-12-06T12:14:50","guid":{"rendered":"https:\/\/www.egemtv.com\/?p=72446"},"modified":"2025-12-06T15:14:51","modified_gmt":"2025-12-06T12:14:51","slug":"drift-pahaliya-patladi-2-arac-trafikten-men-edildi","status":"publish","type":"post","link":"https:\/\/www.egemtv.com\/?p=72446","title":{"rendered":"Drift pahal\u0131ya patlad\u0131, 2 ara\u00e7 trafikten men edildi"},"content":{"rendered":"<p>\u0130zmir\u2019de, sosyal medyada payla\u015f\u0131lan \u2018iki ara\u00e7 akan trafikte tehlike sa\u00e7t\u0131\u2019 g\u00f6r\u00fcnt\u00fclerinin ard\u0131ndan sivil trafik ekipleri taraf\u0131ndan yap\u0131lan titiz \u00e7al\u0131\u015fma sonucu, ara\u00e7lar\u0131n s\u00fcr\u00fcc\u00fcleri tespit edildi. Trafik g\u00fcvenli\u011fini ihlal eden ve di\u011fer s\u00fcr\u00fcc\u00fclere risk olu\u015fturan bu iki s\u00fcr\u00fcc\u00fcye, 138 bin TL\u2019den fazla ceza uyguland\u0131.<br \/>\n<br \/>\u0130l Emniyet M\u00fcd\u00fcrl\u00fc\u011f\u00fc Trafik Denetleme \u015eubesi ekipleri, Yunus Emre Mahallesi Kemalpa\u015fa Caddesi\u2019nde iki otomobil s\u00fcr\u00fcc\u00fcs\u00fcn\u00fcn drift yapt\u0131\u011f\u0131 anlara ait g\u00f6r\u00fcnt\u00fclerin sosyal medyada payla\u015f\u0131lmas\u0131n\u0131n ard\u0131ndan harekete ge\u00e7ti. Ekiplerin yapt\u0131\u011f\u0131 incelemelerde, drift yapan ara\u00e7lar\u0131n s\u00fcr\u00fcc\u00fclerinin A.E.D.B. ve V.\u0130. oldu\u011fu belirlendi. A.E.D.B.\u2019ye, toplamda 12 farkl\u0131 trafik ihlalinden dolay\u0131 73 bin 101 TL idari para cezas\u0131 uyguland\u0131. Ayr\u0131ca s\u00fcr\u00fcc\u00fc belgesi 2 ay s\u00fcreyle geri al\u0131nd\u0131 ve arac\u0131n\u0131n trafikten men edilmesine karar verildi. Di\u011fer s\u00fcr\u00fcc\u00fc V.\u0130.\u2019ye ise 9 farkl\u0131 maddeden toplam 64 bin 958 TL ceza kesildi. V.\u0130.\u2019nin, Karayollar\u0131 Trafik Kanunu\u2019nun 67\/1-D maddesini (drift yapma) ikinci kez ihlal etmesi nedeniyle s\u00fcr\u00fcc\u00fc belgesi daimi olarak iptal edilirken, arac\u0131n\u0131n trafikten men edilme s\u00fcresi ise 60 g\u00fcn olarak belirlendi.<br \/>\n<br \/>Her iki s\u00fcr\u00fcc\u00fc hakk\u0131nda, trafik g\u00fcvenli\u011fini tehlikeye d\u00fc\u015f\u00fcrmek su\u00e7undan adli i\u015flem ba\u015flat\u0131ld\u0131.<br \/><\/p>\n","protected":false},"excerpt":{"rendered":"<p>\u0130zmir\u2019de, sosyal medyada payla\u015f\u0131lan \u2018iki ara\u00e7 akan trafikte tehlike sa\u00e7t\u0131\u2019 g\u00f6r\u00fcnt\u00fclerinin ard\u0131ndan sivil trafik ekipleri taraf\u0131ndan yap\u0131lan titiz \u00e7al\u0131\u015fma sonucu, ara\u00e7lar\u0131n s\u00fcr\u00fcc\u00fcleri tespit edildi. Trafik g\u00fcvenli\u011fini ihlal eden ve di\u011fer s\u00fcr\u00fcc\u00fclere risk olu\u015fturan bu iki s\u00fcr\u00fcc\u00fcye, 138 bin TL\u2019den fazla ceza uyguland\u0131. \u0130l Emniyet M\u00fcd\u00fcrl\u00fc\u011f\u00fc Trafik Denetleme \u015eubesi ekipleri, Yunus Emre Mahallesi Kemalpa\u015fa Caddesi\u2019nde iki&#8230;<\/p>\n","protected":false},"author":1,"featured_media":72447,"comment_status":"open","ping_status":"open","sticky":false,"template":"","format":"standard","meta":{"_crdt_document":"","footnotes":""},"categories":[5],"tags":[],"class_list":["post-72446","post","type-post","status-publish","format-standard","has-post-thumbnail","hentry","category-asayis"],"_links":{"self":[{"href":"https:\/\/www.egemtv.com\/index.php?rest_route=\/wp\/v2\/posts\/72446","targetHints":{"allow":["GET"]}}],"collection":[{"href":"https:\/\/www.egemtv.com\/index.php?rest_route=\/wp\/v2\/posts"}],"about":[{"href":"https:\/\/www.egemtv.com\/index.php?rest_route=\/wp\/v2\/types\/post"}],"author":[{"embeddable":true,"href":"https:\/\/www.egemtv.com\/index.php?rest_route=\/wp\/v2\/users\/1"}],"replies":[{"embeddable":true,"href":"https:\/\/www.egemtv.com\/index.php?rest_route=%2Fwp%2Fv2%2Fcomments&post=72446"}],"version-history":[{"count":1,"href":"https:\/\/www.egemtv.com\/index.php?rest_route=\/wp\/v2\/posts\/72446\/revisions"}],"predecessor-version":[{"id":72448,"href":"https:\/\/www.egemtv.com\/index.php?rest_route=\/wp\/v2\/posts\/72446\/revisions\/72448"}],"wp:featuredmedia":[{"embeddable":true,"href":"https:\/\/www.egemtv.com\/index.php?rest_route=\/wp\/v2\/media\/72447"}],"wp:attachment":[{"href":"https:\/\/www.egemtv.com\/index.php?rest_route=%2Fwp%2Fv2%2Fmedia&parent=72446"}],"wp:term":[{"taxonomy":"category","embeddable":true,"href":"https:\/\/www.egemtv.com\/index.php?rest_route=%2Fwp%2Fv2%2Fcategories&post=72446"},{"taxonomy":"post_tag","embeddable":true,"href":"https:\/\/www.egemtv.com\/index.php?rest_route=%2Fwp%2Fv2%2Ftags&post=72446"}],"curies":[{"name":"wp","href":"https:\/\/api.w.org\/{rel}","templated":true}]}}