{"id":72443,"date":"2025-12-06T14:55:00","date_gmt":"2025-12-06T11:55:00","guid":{"rendered":"https:\/\/www.egemtv.com\/?p=72443"},"modified":"2025-12-06T14:55:01","modified_gmt":"2025-12-06T11:55:01","slug":"aydinda-en-fazla-yagis-kusadasina-dustu","status":"publish","type":"post","link":"https:\/\/www.egemtv.com\/?p=72443","title":{"rendered":"Ayd\u0131n\u2019da en fazla ya\u011f\u0131\u015f Ku\u015fadas\u0131\u2019na d\u00fc\u015ft\u00fc"},"content":{"rendered":"<p>Ayd\u0131n\u2019da d\u00fcnden bu yana etkili olan ya\u011f\u0131\u015flar\u0131n ard\u0131ndan metrekare ba\u015f\u0131na en fazla ya\u011f\u0131\u015f 71,3 kilo ile Ku\u015fadas\u0131 il\u00e7esi G\u00fczel\u00e7aml\u0131 Mahallesi\u2019ne d\u00fc\u015ft\u00fc.<br \/>\n<br \/>Sa\u011fanak ya\u011f\u0131\u015flar\u0131n etkili oldu\u011fu Ayd\u0131n\u2019da meteoroloji, metrekareye d\u00fc\u015fen ya\u011f\u0131\u015f miktar\u0131n\u0131 a\u00e7\u0131klad\u0131. Verilere g\u00f6re son 24 saatte en fazla ya\u011f\u0131\u015f 71,3 kilogram ile Ku\u015fadas\u0131 il\u00e7esi G\u00fczel\u00e7aml\u0131 Mahallesi\u2019ne d\u00fc\u015ft\u00fc. Meteoroloji B\u00f6lge M\u00fcd\u00fcrl\u00fc\u011f\u00fc verilerine g\u00f6re, \u00e7o\u011funlu\u011fu gece olmak \u00fczere son 24 saat i\u00e7erisinde Bozdo\u011fan\u2019a 10,6 kilogram, Buharkent\u2019e 24,9 kilogram, Didim\u2019e 68,4 kilogram, Efeler\u2019e 19,5 kilogram, Germencik\u2019e 34,7 kilogram, \u0130ncirliova\u2019ya 20,1 kilogram, Karacasu\u2019ya 16,1 kilogram, Karpuzlu\u2019ya 16,5 kilogram, Ko\u00e7arl\u0131\u2019ya 11,5 kilogram, Kuyucak Musakolu\u2019ya 54,3 kilogram, Ku\u015fadas\u0131 G\u00fczel\u00e7aml\u0131\u2019ya 71,3 kilogram, K\u00f6\u015fk\u2019e 10,4 kilogram, Nazilli\u2019ye 31,6 kilogram, Sultanhisar\u2019a 15,2 kilogram, S\u00f6ke\u2019ye 25 kilogram, Yenipazar\u2019a 19,3 kilogram, \u00c7ine Hac\u0131pa\u015falar\u2019a ise 40,3 kilogram ya\u011f\u0131\u015f d\u00fc\u015ft\u00fc.<br \/>\n<br \/>Ya\u011f\u0131\u015flar\u0131n gece yar\u0131s\u0131na kadar yer yer sa\u011fanak ve g\u00f6k g\u00fcr\u00fclt\u00fcl\u00fc sa\u011fanak olacak \u015fekilde devam edece\u011fi tahmin ediliyor.<br \/><\/p>\n","protected":false},"excerpt":{"rendered":"<p>Ayd\u0131n\u2019da d\u00fcnden bu yana etkili olan ya\u011f\u0131\u015flar\u0131n ard\u0131ndan metrekare ba\u015f\u0131na en fazla ya\u011f\u0131\u015f 71,3 kilo ile Ku\u015fadas\u0131 il\u00e7esi G\u00fczel\u00e7aml\u0131 Mahallesi\u2019ne d\u00fc\u015ft\u00fc. Sa\u011fanak ya\u011f\u0131\u015flar\u0131n etkili oldu\u011fu Ayd\u0131n\u2019da meteoroloji, metrekareye d\u00fc\u015fen ya\u011f\u0131\u015f miktar\u0131n\u0131 a\u00e7\u0131klad\u0131. Verilere g\u00f6re son 24 saatte en fazla ya\u011f\u0131\u015f 71,3 kilogram ile Ku\u015fadas\u0131 il\u00e7esi G\u00fczel\u00e7aml\u0131 Mahallesi\u2019ne d\u00fc\u015ft\u00fc. Meteoroloji B\u00f6lge M\u00fcd\u00fcrl\u00fc\u011f\u00fc verilerine g\u00f6re, \u00e7o\u011funlu\u011fu gece&#8230;<\/p>\n","protected":false},"author":1,"featured_media":72444,"comment_status":"open","ping_status":"open","sticky":false,"template":"","format":"standard","meta":{"_crdt_document":"","footnotes":""},"categories":[1],"tags":[],"class_list":["post-72443","post","type-post","status-publish","format-standard","has-post-thumbnail","hentry","category-guncel"],"_links":{"self":[{"href":"https:\/\/www.egemtv.com\/index.php?rest_route=\/wp\/v2\/posts\/72443","targetHints":{"allow":["GET"]}}],"collection":[{"href":"https:\/\/www.egemtv.com\/index.php?rest_route=\/wp\/v2\/posts"}],"about":[{"href":"https:\/\/www.egemtv.com\/index.php?rest_route=\/wp\/v2\/types\/post"}],"author":[{"embeddable":true,"href":"https:\/\/www.egemtv.com\/index.php?rest_route=\/wp\/v2\/users\/1"}],"replies":[{"embeddable":true,"href":"https:\/\/www.egemtv.com\/index.php?rest_route=%2Fwp%2Fv2%2Fcomments&post=72443"}],"version-history":[{"count":1,"href":"https:\/\/www.egemtv.com\/index.php?rest_route=\/wp\/v2\/posts\/72443\/revisions"}],"predecessor-version":[{"id":72445,"href":"https:\/\/www.egemtv.com\/index.php?rest_route=\/wp\/v2\/posts\/72443\/revisions\/72445"}],"wp:featuredmedia":[{"embeddable":true,"href":"https:\/\/www.egemtv.com\/index.php?rest_route=\/wp\/v2\/media\/72444"}],"wp:attachment":[{"href":"https:\/\/www.egemtv.com\/index.php?rest_route=%2Fwp%2Fv2%2Fmedia&parent=72443"}],"wp:term":[{"taxonomy":"category","embeddable":true,"href":"https:\/\/www.egemtv.com\/index.php?rest_route=%2Fwp%2Fv2%2Fcategories&post=72443"},{"taxonomy":"post_tag","embeddable":true,"href":"https:\/\/www.egemtv.com\/index.php?rest_route=%2Fwp%2Fv2%2Ftags&post=72443"}],"curies":[{"name":"wp","href":"https:\/\/api.w.org\/{rel}","templated":true}]}}