{"id":72440,"date":"2025-12-06T14:34:37","date_gmt":"2025-12-06T11:34:37","guid":{"rendered":"https:\/\/www.egemtv.com\/?p=72440"},"modified":"2025-12-06T14:34:38","modified_gmt":"2025-12-06T11:34:38","slug":"marmariste-son-24-saatte-60-kilogram-yagis-dustu","status":"publish","type":"post","link":"https:\/\/www.egemtv.com\/?p=72440","title":{"rendered":"Marmaris\u2019te son 24 saatte 60 kilogram ya\u011f\u0131\u015f d\u00fc\u015ft\u00fc"},"content":{"rendered":"<p>Mu\u011fla\u2019n\u0131n Marmaris il\u00e7esinde sa\u011fanak ya\u011f\u0131\u015flar etkili olmaya devam ederken il\u00e7eye son 24 saatte metrekareye 60 kilogram ya\u011f\u0131\u015f d\u00fc\u015ft\u00fc, yollar derelere d\u00f6nd\u00fc, kuruyan dereler sular\u0131n\u0131 denize b\u0131rakt\u0131 deniz renk de\u011fi\u015ftirdi.<\/p>\n<p>Marmaris\u2019te \u00f6nceki gece yar\u0131s\u0131ndan itibaren etkili olan ya\u011f\u0131\u015flar aral\u0131kl\u0131 olarak devam ederken, il\u00e7ede d\u00fcn \u015fiddetli f\u0131rt\u0131na sebebiyle d\u00f6rt tekne karaya oturdu,  a\u011fa\u00e7 dallar\u0131 k\u0131r\u0131l\u0131p yollara d\u00f6k\u00fcld\u00fc. Bug\u00fcn ara ara etkisini artt\u0131rarak devam eden ya\u011f\u0131\u015flar \u00f6zellikle il\u00e7enin k\u0131rsal mahallelerinde yollar\u0131 dereye, tarlalar\u0131 g\u00f6le \u00e7evirdi. \u0130l\u00e7e merkezinde bulunan Tepe Mahallesi 71. Sokakta\u2019ki dere ya\u011fmur sular\u0131 ile dolarken denize akan suyun rengi ve kokusu sokaktan ge\u00e7en vatanda\u015flar\u0131n tepkisini \u00e7ekti. Vatanda\u015flar suyun \u00fczerindeki ya\u011fl\u0131 tabaka ve a\u011f\u0131r benzin ya da tiner kokusunun nereden geldi\u011finin bilinmedi\u011fini ancak denize giden bu suya bir an \u00f6nce \u00e7\u00f6z\u00fcm bulunmas\u0131 gerekti\u011fini belirttiler.<\/p>\n<p>Marmaris\u2019e yakla\u015f\u0131k 40 kilometre mesafede olan S\u00f6\u011f\u00fct ve Ta\u015fl\u0131ca mahallelerinde s\u00fcr\u00fcc\u00fcler yollarda zor anlar ya\u015farken tarlalar sular alt\u0131nda kald\u0131, denizin rengi kahverengine d\u00f6nd\u00fc. Marmaris Kaymakaml\u0131\u011f\u0131 il\u00e7e kriz merkezi, iki g\u00fcnd\u00fcr devam eden ya\u011f\u0131\u015flar ile ilgili , Mu\u011fla il afet kriz merkezi ile ileti\u015fim halinde olduklar\u0131n\u0131 \u015fimdiye kadar olumsuz bir durumun olmad\u0131\u011f\u0131n\u0131, olabilecek olumsuz bir durum kar\u015f\u0131s\u0131nda t\u00fcm ekiplerin birbirleri ile ba\u011flant\u0131l\u0131 bir \u015fekilde teyakkuz halinde olduklar\u0131n\u0131 belirti. Ya\u011f\u0131\u015flar\u0131n gece yar\u0131s\u0131na kadar devam edece\u011fi \u00f6\u011frenildi.<br \/><\/p>\n","protected":false},"excerpt":{"rendered":"<p>Mu\u011fla\u2019n\u0131n Marmaris il\u00e7esinde sa\u011fanak ya\u011f\u0131\u015flar etkili olmaya devam ederken il\u00e7eye son 24 saatte metrekareye 60 kilogram ya\u011f\u0131\u015f d\u00fc\u015ft\u00fc, yollar derelere d\u00f6nd\u00fc, kuruyan dereler sular\u0131n\u0131 denize b\u0131rakt\u0131 deniz renk de\u011fi\u015ftirdi. Marmaris\u2019te \u00f6nceki gece yar\u0131s\u0131ndan itibaren etkili olan ya\u011f\u0131\u015flar aral\u0131kl\u0131 olarak devam ederken, il\u00e7ede d\u00fcn \u015fiddetli f\u0131rt\u0131na sebebiyle d\u00f6rt tekne karaya oturdu, a\u011fa\u00e7 dallar\u0131 k\u0131r\u0131l\u0131p yollara d\u00f6k\u00fcld\u00fc&#8230;.<\/p>\n","protected":false},"author":1,"featured_media":72441,"comment_status":"open","ping_status":"open","sticky":false,"template":"","format":"standard","meta":{"_crdt_document":"","footnotes":""},"categories":[1],"tags":[],"class_list":["post-72440","post","type-post","status-publish","format-standard","has-post-thumbnail","hentry","category-guncel"],"_links":{"self":[{"href":"https:\/\/www.egemtv.com\/index.php?rest_route=\/wp\/v2\/posts\/72440","targetHints":{"allow":["GET"]}}],"collection":[{"href":"https:\/\/www.egemtv.com\/index.php?rest_route=\/wp\/v2\/posts"}],"about":[{"href":"https:\/\/www.egemtv.com\/index.php?rest_route=\/wp\/v2\/types\/post"}],"author":[{"embeddable":true,"href":"https:\/\/www.egemtv.com\/index.php?rest_route=\/wp\/v2\/users\/1"}],"replies":[{"embeddable":true,"href":"https:\/\/www.egemtv.com\/index.php?rest_route=%2Fwp%2Fv2%2Fcomments&post=72440"}],"version-history":[{"count":1,"href":"https:\/\/www.egemtv.com\/index.php?rest_route=\/wp\/v2\/posts\/72440\/revisions"}],"predecessor-version":[{"id":72442,"href":"https:\/\/www.egemtv.com\/index.php?rest_route=\/wp\/v2\/posts\/72440\/revisions\/72442"}],"wp:featuredmedia":[{"embeddable":true,"href":"https:\/\/www.egemtv.com\/index.php?rest_route=\/wp\/v2\/media\/72441"}],"wp:attachment":[{"href":"https:\/\/www.egemtv.com\/index.php?rest_route=%2Fwp%2Fv2%2Fmedia&parent=72440"}],"wp:term":[{"taxonomy":"category","embeddable":true,"href":"https:\/\/www.egemtv.com\/index.php?rest_route=%2Fwp%2Fv2%2Fcategories&post=72440"},{"taxonomy":"post_tag","embeddable":true,"href":"https:\/\/www.egemtv.com\/index.php?rest_route=%2Fwp%2Fv2%2Ftags&post=72440"}],"curies":[{"name":"wp","href":"https:\/\/api.w.org\/{rel}","templated":true}]}}