{"id":72437,"date":"2025-12-06T14:14:58","date_gmt":"2025-12-06T11:14:58","guid":{"rendered":"https:\/\/www.egemtv.com\/?p=72437"},"modified":"2025-12-06T14:14:58","modified_gmt":"2025-12-06T11:14:58","slug":"germencikte-yagis-sonrasi-ekipler-teyakkuzda","status":"publish","type":"post","link":"https:\/\/www.egemtv.com\/?p=72437","title":{"rendered":"Germencik\u2019te ya\u011f\u0131\u015f sonras\u0131 ekipler teyakkuzda"},"content":{"rendered":"<p>Germencik\u2019te etkili olan yo\u011fun ya\u011f\u0131\u015flar\u0131n ard\u0131ndan belediye ekipleri su birikintilerine kar\u015f\u0131 sahaya inerken, Belediye Ba\u015fkan\u0131 Burak Zencirci, vatanda\u015flar\u0131n ma\u011fdur olmamas\u0131 i\u00e7in \u00e7al\u0131\u015fmalar\u0131n aral\u0131ks\u0131z s\u00fcrd\u00fc\u011f\u00fcn\u00fc a\u00e7\u0131klad\u0131.<br \/>\n<br \/>Germencik il\u00e7esinde etkili olan yo\u011fun ya\u011f\u0131\u015flar\u0131n ard\u0131ndan belediye ekipleri sahada yo\u011fun bir \u00e7al\u0131\u015fma y\u00fcr\u00fct\u00fcyor. Germencik Belediye Ba\u015fkan\u0131 Burak Zencirci, ya\u011f\u0131\u015f sonras\u0131 olu\u015fan su birikintilerinin temizlendi\u011fini ve vatanda\u015flar\u0131n ma\u011fduriyet ya\u015famamas\u0131 i\u00e7in ekiplerin aral\u0131ks\u0131z g\u00f6rev yapt\u0131\u011f\u0131n\u0131 a\u00e7\u0131klad\u0131. \u0130l\u00e7e genelinde y\u00fcr\u00fct\u00fclen \u00e7al\u0131\u015fmalarda, ya\u011fmur sular\u0131n\u0131n neden oldu\u011fu birikintiler temizlenirken, muhtemel olumsuzluklar\u0131n \u00f6n\u00fcne ge\u00e7ilmesi hedefleniyor. Ba\u015fkan Zencirci, belediye ekiplerinin gerekli t\u00fcm \u00f6nlemleri ald\u0131\u011f\u0131n\u0131 belirterek, \u00e7al\u0131\u015fmalar\u0131n kesintisiz bir \u015fekilde devam edece\u011fini vurgulad\u0131.<br \/>\n<br \/>Belediye ekipleri, il\u00e7ede ya\u015fam\u0131n normal ak\u0131\u015f\u0131n\u0131n s\u00fcrmesi ve vatanda\u015flar\u0131n g\u00fcvenli\u011finin sa\u011flanmas\u0131 i\u00e7in sahadaki mesaisini s\u00fcrd\u00fcr\u00fcrken Ba\u015fkan Zencirci; &#8220;Ekiplerimiz il\u00e7emizde etkili olan yo\u011fun ya\u011f\u0131\u015f sonras\u0131 olu\u015fan birikintileri temizleyerek, vatanda\u015flar\u0131m\u0131z\u0131n ma\u011fduriyet ya\u015famamas\u0131 ad\u0131na sahada yo\u011fun bir mesai harcamaktad\u0131r. \u00c7al\u0131\u015fmalar\u0131m\u0131z aral\u0131ks\u0131z devam edecek&#8221; dedi.<br \/><\/p>\n","protected":false},"excerpt":{"rendered":"<p>Germencik\u2019te etkili olan yo\u011fun ya\u011f\u0131\u015flar\u0131n ard\u0131ndan belediye ekipleri su birikintilerine kar\u015f\u0131 sahaya inerken, Belediye Ba\u015fkan\u0131 Burak Zencirci, vatanda\u015flar\u0131n ma\u011fdur olmamas\u0131 i\u00e7in \u00e7al\u0131\u015fmalar\u0131n aral\u0131ks\u0131z s\u00fcrd\u00fc\u011f\u00fcn\u00fc a\u00e7\u0131klad\u0131. Germencik il\u00e7esinde etkili olan yo\u011fun ya\u011f\u0131\u015flar\u0131n ard\u0131ndan belediye ekipleri sahada yo\u011fun bir \u00e7al\u0131\u015fma y\u00fcr\u00fct\u00fcyor. Germencik Belediye Ba\u015fkan\u0131 Burak Zencirci, ya\u011f\u0131\u015f sonras\u0131 olu\u015fan su birikintilerinin temizlendi\u011fini ve vatanda\u015flar\u0131n ma\u011fduriyet ya\u015famamas\u0131 i\u00e7in&#8230;<\/p>\n","protected":false},"author":1,"featured_media":72438,"comment_status":"open","ping_status":"open","sticky":false,"template":"","format":"standard","meta":{"_crdt_document":"","footnotes":""},"categories":[1],"tags":[],"class_list":["post-72437","post","type-post","status-publish","format-standard","has-post-thumbnail","hentry","category-guncel"],"_links":{"self":[{"href":"https:\/\/www.egemtv.com\/index.php?rest_route=\/wp\/v2\/posts\/72437","targetHints":{"allow":["GET"]}}],"collection":[{"href":"https:\/\/www.egemtv.com\/index.php?rest_route=\/wp\/v2\/posts"}],"about":[{"href":"https:\/\/www.egemtv.com\/index.php?rest_route=\/wp\/v2\/types\/post"}],"author":[{"embeddable":true,"href":"https:\/\/www.egemtv.com\/index.php?rest_route=\/wp\/v2\/users\/1"}],"replies":[{"embeddable":true,"href":"https:\/\/www.egemtv.com\/index.php?rest_route=%2Fwp%2Fv2%2Fcomments&post=72437"}],"version-history":[{"count":1,"href":"https:\/\/www.egemtv.com\/index.php?rest_route=\/wp\/v2\/posts\/72437\/revisions"}],"predecessor-version":[{"id":72439,"href":"https:\/\/www.egemtv.com\/index.php?rest_route=\/wp\/v2\/posts\/72437\/revisions\/72439"}],"wp:featuredmedia":[{"embeddable":true,"href":"https:\/\/www.egemtv.com\/index.php?rest_route=\/wp\/v2\/media\/72438"}],"wp:attachment":[{"href":"https:\/\/www.egemtv.com\/index.php?rest_route=%2Fwp%2Fv2%2Fmedia&parent=72437"}],"wp:term":[{"taxonomy":"category","embeddable":true,"href":"https:\/\/www.egemtv.com\/index.php?rest_route=%2Fwp%2Fv2%2Fcategories&post=72437"},{"taxonomy":"post_tag","embeddable":true,"href":"https:\/\/www.egemtv.com\/index.php?rest_route=%2Fwp%2Fv2%2Ftags&post=72437"}],"curies":[{"name":"wp","href":"https:\/\/api.w.org\/{rel}","templated":true}]}}