{"id":72434,"date":"2025-12-06T14:14:56","date_gmt":"2025-12-06T11:14:56","guid":{"rendered":"https:\/\/www.egemtv.com\/?p=72434"},"modified":"2025-12-06T14:14:57","modified_gmt":"2025-12-06T11:14:57","slug":"baskan-eyup-kahveciden-ozel-cocuklara-destek","status":"publish","type":"post","link":"https:\/\/www.egemtv.com\/?p=72434","title":{"rendered":"Ba\u015fkan Ey\u00fcp Kahveci\u2019den \u00f6zel \u00e7ocuklara destek"},"content":{"rendered":"<p>K\u00fctahya Belediye Ba\u015fkan\u0131 Ey\u00fcp Kahveci, K\u00fctahya Dumlup\u0131nar \u00dcniversitesi (DP\u00dc) ve K\u00fctahya Sa\u011fl\u0131k Bilimleri \u00dcniversitesi (KSB\u00dc) Engelsiz Hayat Topluluklar\u0131 taraf\u0131ndan d\u00fczenlenen &#8220;Down Cafe&#8221; temal\u0131 etkinli\u011fe kat\u0131ld\u0131.<br \/>\n<br \/>&#8220;Kendine Engel Olma&#8221; mesaj\u0131n\u0131n \u00f6ne \u00e7\u0131kar\u0131ld\u0131\u011f\u0131 etkinlikte \u00f6zel \u00e7ocuklar y\u00fcz boyama etkinlikleri, ikramlar ve sosyal payla\u015f\u0131m alanlar\u0131yla keyifli anlar ya\u015fad\u0131. Vatanda\u015flar\u0131n yo\u011fun ilgi g\u00f6sterdi\u011fi programda, \u00f6zel bireyler g\u00fcn boyunca g\u00f6n\u00fcllerince e\u011flendi.<br \/>\n<br \/>Belediye Ba\u015fkan\u0131 Ey\u00fcp Kahveci etkinli\u011fe kat\u0131lan \u00f6zel bireyler ve aileleriyle sohbet ederek foto\u011fraf \u00e7ektirdi, destek mesajlar\u0131n\u0131 iletti. Engelli bireylerin toplumsal ya\u015famda daha g\u00fc\u00e7l\u00fc bir \u015fekilde yer almas\u0131n\u0131 \u00f6nemsediklerini vurgulayan Ba\u015fkan Kahveci, &#8220;G\u00f6n\u00fcllere dokunan bu etkinlikler, fark\u0131ndal\u0131k olu\u015fturman\u0131n en anlaml\u0131 yoludur. Eme\u011fi ge\u00e7en herkese kalbi \u015f\u00fckranlar\u0131m\u0131 sunuyorum&#8221; dedi.<br \/><\/p>\n","protected":false},"excerpt":{"rendered":"<p>K\u00fctahya Belediye Ba\u015fkan\u0131 Ey\u00fcp Kahveci, K\u00fctahya Dumlup\u0131nar \u00dcniversitesi (DP\u00dc) ve K\u00fctahya Sa\u011fl\u0131k Bilimleri \u00dcniversitesi (KSB\u00dc) Engelsiz Hayat Topluluklar\u0131 taraf\u0131ndan d\u00fczenlenen &#8220;Down Cafe&#8221; temal\u0131 etkinli\u011fe kat\u0131ld\u0131. &#8220;Kendine Engel Olma&#8221; mesaj\u0131n\u0131n \u00f6ne \u00e7\u0131kar\u0131ld\u0131\u011f\u0131 etkinlikte \u00f6zel \u00e7ocuklar y\u00fcz boyama etkinlikleri, ikramlar ve sosyal payla\u015f\u0131m alanlar\u0131yla keyifli anlar ya\u015fad\u0131. Vatanda\u015flar\u0131n yo\u011fun ilgi g\u00f6sterdi\u011fi programda, \u00f6zel bireyler g\u00fcn boyunca g\u00f6n\u00fcllerince&#8230;<\/p>\n","protected":false},"author":1,"featured_media":72435,"comment_status":"open","ping_status":"open","sticky":false,"template":"","format":"standard","meta":{"_crdt_document":"","footnotes":""},"categories":[123],"tags":[],"class_list":["post-72434","post","type-post","status-publish","format-standard","has-post-thumbnail","hentry","category-gundem"],"_links":{"self":[{"href":"https:\/\/www.egemtv.com\/index.php?rest_route=\/wp\/v2\/posts\/72434","targetHints":{"allow":["GET"]}}],"collection":[{"href":"https:\/\/www.egemtv.com\/index.php?rest_route=\/wp\/v2\/posts"}],"about":[{"href":"https:\/\/www.egemtv.com\/index.php?rest_route=\/wp\/v2\/types\/post"}],"author":[{"embeddable":true,"href":"https:\/\/www.egemtv.com\/index.php?rest_route=\/wp\/v2\/users\/1"}],"replies":[{"embeddable":true,"href":"https:\/\/www.egemtv.com\/index.php?rest_route=%2Fwp%2Fv2%2Fcomments&post=72434"}],"version-history":[{"count":1,"href":"https:\/\/www.egemtv.com\/index.php?rest_route=\/wp\/v2\/posts\/72434\/revisions"}],"predecessor-version":[{"id":72436,"href":"https:\/\/www.egemtv.com\/index.php?rest_route=\/wp\/v2\/posts\/72434\/revisions\/72436"}],"wp:featuredmedia":[{"embeddable":true,"href":"https:\/\/www.egemtv.com\/index.php?rest_route=\/wp\/v2\/media\/72435"}],"wp:attachment":[{"href":"https:\/\/www.egemtv.com\/index.php?rest_route=%2Fwp%2Fv2%2Fmedia&parent=72434"}],"wp:term":[{"taxonomy":"category","embeddable":true,"href":"https:\/\/www.egemtv.com\/index.php?rest_route=%2Fwp%2Fv2%2Fcategories&post=72434"},{"taxonomy":"post_tag","embeddable":true,"href":"https:\/\/www.egemtv.com\/index.php?rest_route=%2Fwp%2Fv2%2Ftags&post=72434"}],"curies":[{"name":"wp","href":"https:\/\/api.w.org\/{rel}","templated":true}]}}