{"id":72431,"date":"2025-12-06T13:34:59","date_gmt":"2025-12-06T10:34:59","guid":{"rendered":"https:\/\/www.egemtv.com\/?p=72431"},"modified":"2025-12-06T13:35:00","modified_gmt":"2025-12-06T10:35:00","slug":"marmariste-domuz-istilasi-suruyor-yeni-adres-mezarliklar","status":"publish","type":"post","link":"https:\/\/www.egemtv.com\/?p=72431","title":{"rendered":"Marmaris\u2019te domuz istilas\u0131 s\u00fcr\u00fcyor: &#8220;Yeni adres mezarl\u0131klar&#8221;"},"content":{"rendered":"<p>Marmaris Belediyesi ekiplerinin ilgisizli\u011fi sonras\u0131 il\u00e7ede yaban domuzu sorunu giderek b\u00fcy\u00fcyor. \u00c7ar\u015f\u0131lar\u0131, parklar\u0131 ve sokaklar\u0131 mesken tutan yaban domuzlar\u0131n\u0131n bu sefer ki adresi mezarl\u0131klar oldu. \u00d6l\u00fcye de diriye de rahat vermeyen yaban domuzu sorununa vatanda\u015flar art\u0131k \u00e7\u00f6z\u00fcm istiyor.<br \/>\n<br \/>Turizmin g\u00f6zde merkezlerinden Marmaris\u2019te domuz s\u00fcr\u00fcleri g\u00f6r\u00fclmeye devam ediyor. Her y\u0131l binlerce turistin ziyaret etti\u011fi il\u00e7ede ho\u015f olmayan g\u00f6r\u00fcnt\u00fcler olu\u015fturan yaban domuzlar\u0131 sadece \u00e7evreye de\u011fil, zaman zaman insanlara ve hayvanlara da zarar veriyor. Marmaris\u2019teki domuz sorunun ba\u015fl\u0131ca kayna\u011f\u0131 aras\u0131nda zaman\u0131nda toplanmayan \u00e7\u00f6plerin ve il\u00e7e belediye y\u00f6netiminin soruna ilgisiz davranmas\u0131 oldu\u011fu \u00f6ne s\u00fcr\u00fcl\u00fcyor.<\/p>\n<p>&#8220;Art\u0131k mezarl\u0131klara da zarar veriyorlar&#8221;<br \/>\n<br \/>Son y\u0131llarda \u015fehir merkezlerine kadar inen yaban domuzlar\u0131n\u0131n son adresi ise mezarl\u0131klar oldu. Ge\u00e7ti\u011fimiz aylarda \u0130\u00e7meler Mezarl\u0131\u011f\u0131\u2019na dadanan domuzlar\u0131n bu sefer ki adresi Armutalan Mezarl\u0131\u011f\u0131 oldu. Mezarl\u0131klar\u0131n duvarlar\u0131ndan atlayarak i\u00e7eri giren domuzlar, \u00f6zellikle gece saatlerinde mezarlar\u0131 e\u015feliyor. Mezarlar\u0131n gece domuzlar taraf\u0131ndan tahrip edildi\u011fi belirten b\u00f6lge sakinleri, &#8220;Marmaris\u2019te \u00f6l\u00fcye de diriye de domuzlar taraf\u0131ndan rahat yok. Bir an \u00f6nce bu soruna bir \u00e7\u00f6z\u00fcm bulunsun&#8221; diyerek duruma tepki g\u00f6sterdiler.<br \/><\/p>\n","protected":false},"excerpt":{"rendered":"<p>Marmaris Belediyesi ekiplerinin ilgisizli\u011fi sonras\u0131 il\u00e7ede yaban domuzu sorunu giderek b\u00fcy\u00fcyor. \u00c7ar\u015f\u0131lar\u0131, parklar\u0131 ve sokaklar\u0131 mesken tutan yaban domuzlar\u0131n\u0131n bu sefer ki adresi mezarl\u0131klar oldu. \u00d6l\u00fcye de diriye de rahat vermeyen yaban domuzu sorununa vatanda\u015flar art\u0131k \u00e7\u00f6z\u00fcm istiyor. Turizmin g\u00f6zde merkezlerinden Marmaris\u2019te domuz s\u00fcr\u00fcleri g\u00f6r\u00fclmeye devam ediyor. Her y\u0131l binlerce turistin ziyaret etti\u011fi il\u00e7ede ho\u015f&#8230;<\/p>\n","protected":false},"author":1,"featured_media":72432,"comment_status":"open","ping_status":"open","sticky":false,"template":"","format":"standard","meta":{"_crdt_document":"","footnotes":""},"categories":[5],"tags":[],"class_list":["post-72431","post","type-post","status-publish","format-standard","has-post-thumbnail","hentry","category-asayis"],"_links":{"self":[{"href":"https:\/\/www.egemtv.com\/index.php?rest_route=\/wp\/v2\/posts\/72431","targetHints":{"allow":["GET"]}}],"collection":[{"href":"https:\/\/www.egemtv.com\/index.php?rest_route=\/wp\/v2\/posts"}],"about":[{"href":"https:\/\/www.egemtv.com\/index.php?rest_route=\/wp\/v2\/types\/post"}],"author":[{"embeddable":true,"href":"https:\/\/www.egemtv.com\/index.php?rest_route=\/wp\/v2\/users\/1"}],"replies":[{"embeddable":true,"href":"https:\/\/www.egemtv.com\/index.php?rest_route=%2Fwp%2Fv2%2Fcomments&post=72431"}],"version-history":[{"count":1,"href":"https:\/\/www.egemtv.com\/index.php?rest_route=\/wp\/v2\/posts\/72431\/revisions"}],"predecessor-version":[{"id":72433,"href":"https:\/\/www.egemtv.com\/index.php?rest_route=\/wp\/v2\/posts\/72431\/revisions\/72433"}],"wp:featuredmedia":[{"embeddable":true,"href":"https:\/\/www.egemtv.com\/index.php?rest_route=\/wp\/v2\/media\/72432"}],"wp:attachment":[{"href":"https:\/\/www.egemtv.com\/index.php?rest_route=%2Fwp%2Fv2%2Fmedia&parent=72431"}],"wp:term":[{"taxonomy":"category","embeddable":true,"href":"https:\/\/www.egemtv.com\/index.php?rest_route=%2Fwp%2Fv2%2Fcategories&post=72431"},{"taxonomy":"post_tag","embeddable":true,"href":"https:\/\/www.egemtv.com\/index.php?rest_route=%2Fwp%2Fv2%2Ftags&post=72431"}],"curies":[{"name":"wp","href":"https:\/\/api.w.org\/{rel}","templated":true}]}}