{"id":72425,"date":"2025-12-06T12:54:44","date_gmt":"2025-12-06T09:54:44","guid":{"rendered":"https:\/\/www.egemtv.com\/?p=72425"},"modified":"2025-12-06T12:54:45","modified_gmt":"2025-12-06T09:54:45","slug":"nazillide-cumhuriyetin-ilk-kadin-vekilleri-konusuldu","status":"publish","type":"post","link":"https:\/\/www.egemtv.com\/?p=72425","title":{"rendered":"Nazilli\u2019de Cumhuriyetin ilk kad\u0131n vekilleri konu\u015fuldu"},"content":{"rendered":"<p>Ayd\u0131n\u2019\u0131n Nazilli il\u00e7esinde Nazilli Belediyesi ve Kad\u0131n Haklar\u0131n\u0131 Koruma Derne\u011fi Ayd\u0131n \u015eubesi\u2019nin katk\u0131lar\u0131yla T\u00fcrk kad\u0131nlar\u0131na se\u00e7me ve se\u00e7ilme hakk\u0131 tan\u0131nmas\u0131n\u0131n 91. y\u0131l d\u00f6n\u00fcm\u00fcnde \u2018Yollar\u0131 A\u00e7an Kad\u0131nlar\u2019 isimli konferans d\u00fczenlendi.<\/p>\n<p>Konferansta kad\u0131nlar\u0131n varolu\u015flar\u0131ndan bu yana verdikleri zorlu m\u00fccadelelerle birlikte cumhuriyet d\u00f6neminde demokrasi m\u00fccadelesi veren ilk 18 kad\u0131n milletvekilinin hikayeleri anlat\u0131ld\u0131. Kad\u0131nlar\u0131n g\u00fcc\u00fc konu\u015fuldu\u011fu \u2018Yollar\u0131 A\u00e7an Kad\u0131nlar\u2019 konferans\u0131nda konu\u015fan Nazilli Belediye Ba\u015fkan\u0131 Dr. Ertu\u011frul Tetik, m\u00fcjdesi ile t\u00fcm kad\u0131nlar\u0131 mutlu etti. Ba\u015fkan Tetik; &#8220;Kad\u0131nlar\u0131n karar s\u00fcre\u00e7lerine aktif kat\u0131l\u0131m\u0131 i\u00e7in \u00f6nemli bir ad\u0131m at\u0131yoruz. \u00d6n\u00fcm\u00fczdeki hafta Cuma g\u00fcn\u00fc saat 14.00\u2019de Nazilli\u2019nin ilk Kad\u0131n Meclisini kuruyoruz&#8221; dedi.<\/p>\n<p>Nazilli Belediye Ba\u015fkan\u0131 Dr. Ertu\u011frul Tetik, Kad\u0131n Haklar\u0131n\u0131 Koruma Derne\u011fi Ayd\u0131n \u015eubesi ve Kad\u0131n Adaylar\u0131 Destekleme Derne\u011fi\u2019nin katk\u0131lar\u0131yla Nazilli Belediyesi Tiyatro Salonunda Cumhuriyet tarihinin en \u00f6nemli d\u00f6n\u00fcm noktalar\u0131ndan biri olan 5 Aral\u0131k\u2019\u0131n ruhunu ya\u015fatmak amac\u0131yla &#8220;Yollar\u0131 A\u00e7an Kad\u0131nlar&#8221; konferans\u0131 ger\u00e7ekle\u015ftirildi. Kad\u0131nlar\u0131n toplumsal ve siyasal hayatta a\u00e7t\u0131\u011f\u0131 yollar\u0131n ele al\u0131nd\u0131\u011f\u0131 konferans\u0131n konu\u015fmac\u0131l\u0131\u011f\u0131 Av. Evrim Orhan G\u00fcng\u00f6r yaparken, moderat\u00f6rl\u00fc\u011f\u00fcn\u00fc ise Av. G\u00fclseren G\u00f6k\u00e7e yapt\u0131.<\/p>\n<p>Toplumun y\u00fczde 50\u2019sini kad\u0131nlar te\u015fkil ediyor<br \/>\n<br \/>Kad\u0131n Haklar\u0131n\u0131 Koruma Derne\u011fi Ayd\u0131n \u015eubesi Ba\u015fkan\u0131 Habibe G\u00fcler, Av. Evrim Orhan G\u00fcng\u00f6r ve Av. G\u00fclseren G\u00f6k\u00e7e, yapt\u0131klar\u0131 konu\u015fmalarla kad\u0131nlar\u0131n T\u00fcrkiye Cumhuriyetinin kurulu\u015fundan \u00f6nce ve sonras\u0131nda toplumsal hayatta ve siyasal ya\u015famda verdikleri m\u00fccadeleleri dile getirdi. Kad\u0131nlar\u0131n temsillerde daha fazla g\u00f6rev almas\u0131 gerekti\u011fi ifade edilirken, \u00f6zellikle son d\u00f6nemlerde ba\u015far\u0131l\u0131 kad\u0131nlar\u0131n hayata olumlu etkilerinin yads\u0131namad\u0131\u011f\u0131 ve toplumun yar\u0131s\u0131n\u0131 te\u015fkil eden kad\u0131nlar\u0131n g\u00fcc\u00fcn\u00fcn her ge\u00e7en g\u00fcn giderek artt\u0131\u011f\u0131, ancak TBMM gibi bir\u00e7ok alanda yeterli say\u0131ya ula\u015fmada b\u00fcy\u00fck s\u0131k\u0131nt\u0131lar\u0131n oldu\u011fu belirtildi. Cumhuriyet tarihinin ilk 18 kad\u0131n milletvekilinin verdikleri m\u00fccadeleyi de salonu dolduran y\u00fczlerce kad\u0131na ve onlara deste\u011fe gelen erkeklere anlatan ekip ve Ba\u015fkan Tetik izleyiciden b\u00fcy\u00fck alk\u0131\u015f ald\u0131.<\/p>\n<p>&#8220;G\u00fc\u00e7l\u00fc kad\u0131n, g\u00fc\u00e7l\u00fc Nazilli i\u00e7in ilk kad\u0131n meclisini kuruyoruz&#8221;<br \/>\n<br \/>&#8220;G\u00fc\u00e7l\u00fc kad\u0131n, g\u00fc\u00e7l\u00fc Nazilli&#8221; slogan\u0131yla Nazilli\u2019de bir ilki ger\u00e7ekle\u015ftireceklerini ifade eden Nazilli Belediye Ba\u015fkan\u0131 Dr. Ertu\u011frul Tetik; &#8220;T\u00fcrk kad\u0131n\u0131na se\u00e7me ve se\u00e7ilme hakk\u0131n\u0131n verili\u015f y\u0131l d\u00f6n\u00fcm\u00fcnde, belediyemizde anlaml\u0131 bir konferansta bulu\u015ftuk. Kad\u0131nlar\u0131m\u0131z\u0131n e\u015fitlik m\u00fccadelesini ve toplumdaki g\u00fc\u00e7l\u00fc rol\u00fcn\u00fc konu\u015ftu\u011fumuz bu programda \u00f6nemli bir m\u00fcjde verdim. Kad\u0131nlar\u0131n karar s\u00fcre\u00e7lerine aktif kat\u0131l\u0131m\u0131 i\u00e7in \u00f6nemli bir ad\u0131m at\u0131yoruz. \u00d6n\u00fcm\u00fczdeki hafta Cuma g\u00fcn\u00fc saat 14.00\u2019de Nazilli\u2019nin ilk Kad\u0131n Meclisini kuruyoruz. Hemen ard\u0131ndan da ba\u015fka m\u00fcjdeler gelecek&#8221; dedi.<\/p>\n<p>Nazilli Belediye Ba\u015fkan\u0131 Dr. Ertu\u011frul Tetik\u2019in ev sahipli\u011finde ger\u00e7ekle\u015ftirilen konferansa CHP Nazilli \u0130l\u00e7e Ba\u015fkan\u0131 Av.Sema Asl\u0131han \u00d6kmen, Kad\u0131n Kollar\u0131 Ba\u015fkan\u0131 Nilg\u00fcn Akta\u015f, il\u00e7e y\u00f6netim kurulu \u00fcyeleri, STK temsilcileri ile \u00e7ok say\u0131da kad\u0131n izleyici kat\u0131l\u0131m sa\u011flad\u0131.<br \/><\/p>\n","protected":false},"excerpt":{"rendered":"<p>Ayd\u0131n\u2019\u0131n Nazilli il\u00e7esinde Nazilli Belediyesi ve Kad\u0131n Haklar\u0131n\u0131 Koruma Derne\u011fi Ayd\u0131n \u015eubesi\u2019nin katk\u0131lar\u0131yla T\u00fcrk kad\u0131nlar\u0131na se\u00e7me ve se\u00e7ilme hakk\u0131 tan\u0131nmas\u0131n\u0131n 91. y\u0131l d\u00f6n\u00fcm\u00fcnde \u2018Yollar\u0131 A\u00e7an Kad\u0131nlar\u2019 isimli konferans d\u00fczenlendi. Konferansta kad\u0131nlar\u0131n varolu\u015flar\u0131ndan bu yana verdikleri zorlu m\u00fccadelelerle birlikte cumhuriyet d\u00f6neminde demokrasi m\u00fccadelesi veren ilk 18 kad\u0131n milletvekilinin hikayeleri anlat\u0131ld\u0131. Kad\u0131nlar\u0131n g\u00fcc\u00fc konu\u015fuldu\u011fu \u2018Yollar\u0131 A\u00e7an Kad\u0131nlar\u2019&#8230;<\/p>\n","protected":false},"author":1,"featured_media":72426,"comment_status":"open","ping_status":"open","sticky":false,"template":"","format":"standard","meta":{"_crdt_document":"","footnotes":""},"categories":[1],"tags":[],"class_list":["post-72425","post","type-post","status-publish","format-standard","has-post-thumbnail","hentry","category-guncel"],"_links":{"self":[{"href":"https:\/\/www.egemtv.com\/index.php?rest_route=\/wp\/v2\/posts\/72425","targetHints":{"allow":["GET"]}}],"collection":[{"href":"https:\/\/www.egemtv.com\/index.php?rest_route=\/wp\/v2\/posts"}],"about":[{"href":"https:\/\/www.egemtv.com\/index.php?rest_route=\/wp\/v2\/types\/post"}],"author":[{"embeddable":true,"href":"https:\/\/www.egemtv.com\/index.php?rest_route=\/wp\/v2\/users\/1"}],"replies":[{"embeddable":true,"href":"https:\/\/www.egemtv.com\/index.php?rest_route=%2Fwp%2Fv2%2Fcomments&post=72425"}],"version-history":[{"count":1,"href":"https:\/\/www.egemtv.com\/index.php?rest_route=\/wp\/v2\/posts\/72425\/revisions"}],"predecessor-version":[{"id":72427,"href":"https:\/\/www.egemtv.com\/index.php?rest_route=\/wp\/v2\/posts\/72425\/revisions\/72427"}],"wp:featuredmedia":[{"embeddable":true,"href":"https:\/\/www.egemtv.com\/index.php?rest_route=\/wp\/v2\/media\/72426"}],"wp:attachment":[{"href":"https:\/\/www.egemtv.com\/index.php?rest_route=%2Fwp%2Fv2%2Fmedia&parent=72425"}],"wp:term":[{"taxonomy":"category","embeddable":true,"href":"https:\/\/www.egemtv.com\/index.php?rest_route=%2Fwp%2Fv2%2Fcategories&post=72425"},{"taxonomy":"post_tag","embeddable":true,"href":"https:\/\/www.egemtv.com\/index.php?rest_route=%2Fwp%2Fv2%2Ftags&post=72425"}],"curies":[{"name":"wp","href":"https:\/\/api.w.org\/{rel}","templated":true}]}}