{"id":72422,"date":"2025-12-06T12:54:43","date_gmt":"2025-12-06T09:54:43","guid":{"rendered":"https:\/\/www.egemtv.com\/?p=72422"},"modified":"2025-12-06T12:54:44","modified_gmt":"2025-12-06T09:54:44","slug":"ogrencilere-balik-ve-deniz-urunleri-tanitildi","status":"publish","type":"post","link":"https:\/\/www.egemtv.com\/?p=72422","title":{"rendered":"\u00d6\u011frencilere bal\u0131k ve deniz \u00fcr\u00fcnleri tan\u0131t\u0131ld\u0131"},"content":{"rendered":"<p>Buharkent \u0130l\u00e7e Tar\u0131m ve Orman M\u00fcd\u00fcrl\u00fc\u011f\u00fc taraf\u0131ndan Savc\u0131ll\u0131 Ortaokulu\u2019nda, bal\u0131k ve di\u011fer su \u00fcr\u00fcnlerinin tan\u0131t\u0131m\u0131 ile su \u00fcr\u00fcnleri t\u00fcketiminin art\u0131r\u0131lmas\u0131na y\u00f6nelik bilgilendirici bir e\u011fitim ger\u00e7ekle\u015ftirildi.<br \/>\n<br \/>Buharkent il\u00e7esine ba\u011fl\u0131 Savc\u0131ll\u0131 Ortaokulu\u2019nda, su \u00fcr\u00fcnleri t\u00fcketiminin yayg\u0131nla\u015ft\u0131r\u0131lmas\u0131 ve toplumda bu konuda fark\u0131ndal\u0131k olu\u015fturulmas\u0131 amac\u0131yla e\u011fitim faaliyeti d\u00fczenlendi. Savc\u0131ll\u0131 Ortaokulu M\u00fcd\u00fcr\u00fc Mustafa Bur\u00e7o\u011flu\u2019nun katk\u0131lar\u0131yla ger\u00e7ekle\u015ftirilen e\u011fitimde, bal\u0131k ve bal\u0131k d\u0131\u015f\u0131ndaki su \u00fcr\u00fcnlerinin beslenmedeki \u00f6nemi ele al\u0131nd\u0131. &#8220;Su \u00dcr\u00fcnleri T\u00fcketiminin Art\u0131r\u0131lmas\u0131, Bal\u0131k ve Bal\u0131k D\u0131\u015f\u0131nda Su \u00dcr\u00fcnlerinin Tan\u0131t\u0131lmas\u0131&#8221; ba\u015fl\u0131\u011f\u0131yla ger\u00e7ekle\u015ftirilen e\u011fitim, \u0130l Tar\u0131m ve Orman M\u00fcd\u00fcrl\u00fc\u011f\u00fc konu sorumlular\u0131 Ceylan Aky\u00fcz, P\u0131nar Sava\u015f Soyk\u00f6se ve Mehmet \u00c7ak\u0131r ile Buharkent \u0130l\u00e7e Tar\u0131m ve Orman M\u00fcd\u00fcrl\u00fc\u011f\u00fc personeli Ali Keskin taraf\u0131ndan verildi. E\u011fitimde \u00f6\u011frencilere, su \u00fcr\u00fcnlerinin insan sa\u011fl\u0131\u011f\u0131na katk\u0131lar\u0131, dengeli beslenmedeki yeri ve farkl\u0131 su \u00fcr\u00fcnlerinin t\u00fcketim al\u0131\u015fkanl\u0131klar\u0131na kazand\u0131r\u0131lmas\u0131 konusunda bilgilendirme yap\u0131ld\u0131. \u00c7al\u0131\u015fma, \u00f6\u011frenciler taraf\u0131ndan ilgiyle takip edilirken, sa\u011fl\u0131kl\u0131 beslenme bilincinin k\u00fc\u00e7\u00fck ya\u015flarda kazand\u0131r\u0131lmas\u0131n\u0131n \u00f6nemine dikkat \u00e7ekildi.<br \/><\/p>\n","protected":false},"excerpt":{"rendered":"<p>Buharkent \u0130l\u00e7e Tar\u0131m ve Orman M\u00fcd\u00fcrl\u00fc\u011f\u00fc taraf\u0131ndan Savc\u0131ll\u0131 Ortaokulu\u2019nda, bal\u0131k ve di\u011fer su \u00fcr\u00fcnlerinin tan\u0131t\u0131m\u0131 ile su \u00fcr\u00fcnleri t\u00fcketiminin art\u0131r\u0131lmas\u0131na y\u00f6nelik bilgilendirici bir e\u011fitim ger\u00e7ekle\u015ftirildi. Buharkent il\u00e7esine ba\u011fl\u0131 Savc\u0131ll\u0131 Ortaokulu\u2019nda, su \u00fcr\u00fcnleri t\u00fcketiminin yayg\u0131nla\u015ft\u0131r\u0131lmas\u0131 ve toplumda bu konuda fark\u0131ndal\u0131k olu\u015fturulmas\u0131 amac\u0131yla e\u011fitim faaliyeti d\u00fczenlendi. Savc\u0131ll\u0131 Ortaokulu M\u00fcd\u00fcr\u00fc Mustafa Bur\u00e7o\u011flu\u2019nun katk\u0131lar\u0131yla ger\u00e7ekle\u015ftirilen e\u011fitimde, bal\u0131k ve bal\u0131k&#8230;<\/p>\n","protected":false},"author":1,"featured_media":72423,"comment_status":"open","ping_status":"open","sticky":false,"template":"","format":"standard","meta":{"_crdt_document":"","footnotes":""},"categories":[1],"tags":[],"class_list":["post-72422","post","type-post","status-publish","format-standard","has-post-thumbnail","hentry","category-guncel"],"_links":{"self":[{"href":"https:\/\/www.egemtv.com\/index.php?rest_route=\/wp\/v2\/posts\/72422","targetHints":{"allow":["GET"]}}],"collection":[{"href":"https:\/\/www.egemtv.com\/index.php?rest_route=\/wp\/v2\/posts"}],"about":[{"href":"https:\/\/www.egemtv.com\/index.php?rest_route=\/wp\/v2\/types\/post"}],"author":[{"embeddable":true,"href":"https:\/\/www.egemtv.com\/index.php?rest_route=\/wp\/v2\/users\/1"}],"replies":[{"embeddable":true,"href":"https:\/\/www.egemtv.com\/index.php?rest_route=%2Fwp%2Fv2%2Fcomments&post=72422"}],"version-history":[{"count":1,"href":"https:\/\/www.egemtv.com\/index.php?rest_route=\/wp\/v2\/posts\/72422\/revisions"}],"predecessor-version":[{"id":72424,"href":"https:\/\/www.egemtv.com\/index.php?rest_route=\/wp\/v2\/posts\/72422\/revisions\/72424"}],"wp:featuredmedia":[{"embeddable":true,"href":"https:\/\/www.egemtv.com\/index.php?rest_route=\/wp\/v2\/media\/72423"}],"wp:attachment":[{"href":"https:\/\/www.egemtv.com\/index.php?rest_route=%2Fwp%2Fv2%2Fmedia&parent=72422"}],"wp:term":[{"taxonomy":"category","embeddable":true,"href":"https:\/\/www.egemtv.com\/index.php?rest_route=%2Fwp%2Fv2%2Fcategories&post=72422"},{"taxonomy":"post_tag","embeddable":true,"href":"https:\/\/www.egemtv.com\/index.php?rest_route=%2Fwp%2Fv2%2Ftags&post=72422"}],"curies":[{"name":"wp","href":"https:\/\/api.w.org\/{rel}","templated":true}]}}