{"id":72413,"date":"2025-12-06T12:35:47","date_gmt":"2025-12-06T09:35:47","guid":{"rendered":"https:\/\/www.egemtv.com\/?p=72413"},"modified":"2025-12-06T12:35:48","modified_gmt":"2025-12-06T09:35:48","slug":"yerde-yatan-karisinin-kafasina-tekme-atti","status":"publish","type":"post","link":"https:\/\/www.egemtv.com\/?p=72413","title":{"rendered":"Yerde yatan kar\u0131s\u0131n\u0131n kafas\u0131na tekme att\u0131"},"content":{"rendered":"<p>Afyonkarahisar\u2019da bir \u015fahs\u0131n \u015fiddet uygulad\u0131\u011f\u0131 i\u00e7in evinden ayr\u0131larak karde\u015finin yan\u0131na s\u0131\u011f\u0131nan kar\u0131s\u0131na tekme, yumruk ve sopayla \u015fiddet uygulad\u0131\u011f\u0131 anlar saniye saniye g\u00fcvenli kameralar\u0131na yans\u0131rken, vicdans\u0131z kocan\u0131n yerde yatan kar\u0131s\u0131n\u0131n kafas\u0131na tekme att\u0131\u011f\u0131 anlar ise g\u00f6renlerin i\u00e7ini s\u0131zlatt\u0131.<br \/>\n<br \/>Olay, ge\u00e7ti\u011fimiz Kas\u0131m ay\u0131nda \u00c7ay il\u00e7esine ba\u011fl\u0131 Ko\u00e7erli k\u00f6y\u00fcnde meydana geldi. Edinilen bilgilere g\u00f6re, g\u00fcvenlik kameras\u0131 g\u00f6r\u00fcnt\u00fclerinin yeni ortaya \u00e7\u0131kt\u0131\u011f\u0131 olayda, iddiaya g\u00f6re G.K., isimli \u015fahs\u0131n kar\u0131s\u0131 C.K., ge\u00e7imsizlik ve \u015fiddet nedeniyle evini terk ederek ayn\u0131 k\u00f6yde ya\u015fayan karde\u015finin evine s\u0131\u011f\u0131nd\u0131. Bunu \u00f6fkelenen G.K., kar\u0131s\u0131n\u0131n kald\u0131\u011f\u0131 k\u0131z karde\u015finin evine gitti. Bir s\u00fcre kar\u0131s\u0131yla tart\u0131\u015fan G.K., ard\u0131ndan kar\u0131s\u0131n\u0131 tartaklamaya ba\u015flad\u0131. Bunun \u00fczerine kar\u0131s\u0131 C.K., elinde bulunan kovadaki suyu G.K.\u2019n\u0131n \u00fczerine d\u00f6kerek kurtulmaya \u00e7al\u0131\u015ft\u0131. Daha \u00e7ok \u00f6fkelenen G.K., eline ge\u00e7irdi\u011fi sopayla kar\u0131s\u0131na vurmaya ba\u015flad\u0131. C.K., ald\u0131\u011f\u0131 sopa darbelerinin ard\u0131ndan \u00e7\u0131\u011fl\u0131k \u00e7\u0131\u011fl\u0131\u011fa kal\u0131p ba\u011f\u0131rarak yard\u0131m istedi. Yere d\u00fc\u015fen C.K., bu defa ta\u015f alarak kendini korumak istedi ancak \u00f6fkesi dinmeyen G.K., kar\u0131s\u0131n\u0131n elinden ta\u015f\u0131 al\u0131p sopayla tekrar darp etmeye devam etti. Ya\u015fanan arbede de yere d\u00fc\u015fen C.K.\u2019y\u0131 bu defa G.K., tekmelemeye devam etti. Bu esnada G.K.\u2019n\u0131n &#8220;hadi karakola git&#8221; diyerek kar\u0131s\u0131na ba\u011f\u0131rmas\u0131 ise dikkatlerden ka\u00e7mad\u0131.<br \/>\n<br \/>Olay\u0131n ard\u0131ndan \u00e7evredekilerin haber vermesi \u00fczerine b\u00f6lgeye gelen jandarma ekipleri taraflar\u0131 g\u00f6zalt\u0131na ald\u0131klar\u0131 ifadelerini ald\u0131ktan sonra serbest b\u0131rakt\u0131.<br \/>\n<br \/>Olayla ilgili savc\u0131l\u0131k taraf\u0131ndan ba\u015flat\u0131lan soru\u015fturman\u0131n ise s\u00fcrd\u00fc\u011f\u00fc bildirildi.<br \/><\/p>\n","protected":false},"excerpt":{"rendered":"<p>Afyonkarahisar\u2019da bir \u015fahs\u0131n \u015fiddet uygulad\u0131\u011f\u0131 i\u00e7in evinden ayr\u0131larak karde\u015finin yan\u0131na s\u0131\u011f\u0131nan kar\u0131s\u0131na tekme, yumruk ve sopayla \u015fiddet uygulad\u0131\u011f\u0131 anlar saniye saniye g\u00fcvenli kameralar\u0131na yans\u0131rken, vicdans\u0131z kocan\u0131n yerde yatan kar\u0131s\u0131n\u0131n kafas\u0131na tekme att\u0131\u011f\u0131 anlar ise g\u00f6renlerin i\u00e7ini s\u0131zlatt\u0131. Olay, ge\u00e7ti\u011fimiz Kas\u0131m ay\u0131nda \u00c7ay il\u00e7esine ba\u011fl\u0131 Ko\u00e7erli k\u00f6y\u00fcnde meydana geldi. Edinilen bilgilere g\u00f6re, g\u00fcvenlik kameras\u0131 g\u00f6r\u00fcnt\u00fclerinin yeni&#8230;<\/p>\n","protected":false},"author":1,"featured_media":72414,"comment_status":"open","ping_status":"open","sticky":false,"template":"","format":"standard","meta":{"_crdt_document":"","footnotes":""},"categories":[5],"tags":[],"class_list":["post-72413","post","type-post","status-publish","format-standard","has-post-thumbnail","hentry","category-asayis"],"_links":{"self":[{"href":"https:\/\/www.egemtv.com\/index.php?rest_route=\/wp\/v2\/posts\/72413","targetHints":{"allow":["GET"]}}],"collection":[{"href":"https:\/\/www.egemtv.com\/index.php?rest_route=\/wp\/v2\/posts"}],"about":[{"href":"https:\/\/www.egemtv.com\/index.php?rest_route=\/wp\/v2\/types\/post"}],"author":[{"embeddable":true,"href":"https:\/\/www.egemtv.com\/index.php?rest_route=\/wp\/v2\/users\/1"}],"replies":[{"embeddable":true,"href":"https:\/\/www.egemtv.com\/index.php?rest_route=%2Fwp%2Fv2%2Fcomments&post=72413"}],"version-history":[{"count":1,"href":"https:\/\/www.egemtv.com\/index.php?rest_route=\/wp\/v2\/posts\/72413\/revisions"}],"predecessor-version":[{"id":72415,"href":"https:\/\/www.egemtv.com\/index.php?rest_route=\/wp\/v2\/posts\/72413\/revisions\/72415"}],"wp:featuredmedia":[{"embeddable":true,"href":"https:\/\/www.egemtv.com\/index.php?rest_route=\/wp\/v2\/media\/72414"}],"wp:attachment":[{"href":"https:\/\/www.egemtv.com\/index.php?rest_route=%2Fwp%2Fv2%2Fmedia&parent=72413"}],"wp:term":[{"taxonomy":"category","embeddable":true,"href":"https:\/\/www.egemtv.com\/index.php?rest_route=%2Fwp%2Fv2%2Fcategories&post=72413"},{"taxonomy":"post_tag","embeddable":true,"href":"https:\/\/www.egemtv.com\/index.php?rest_route=%2Fwp%2Fv2%2Ftags&post=72413"}],"curies":[{"name":"wp","href":"https:\/\/api.w.org\/{rel}","templated":true}]}}