{"id":72410,"date":"2025-12-06T12:35:46","date_gmt":"2025-12-06T09:35:46","guid":{"rendered":"https:\/\/www.egemtv.com\/?p=72410"},"modified":"2025-12-06T12:35:47","modified_gmt":"2025-12-06T09:35:47","slug":"burhan-eser-bodrum-fk-armasinin-oldugu-her-mac-bizim-icin-onemlidir","status":"publish","type":"post","link":"https:\/\/www.egemtv.com\/?p=72410","title":{"rendered":"Burhan E\u015fer: &#8220;Bodrum FK armas\u0131n\u0131n oldu\u011fu her ma\u00e7 bizim i\u00e7in \u00f6nemlidir&#8221;"},"content":{"rendered":"<p>Trendyol 1. Lig\u2019in 16. haftas\u0131nda Bodrum FK, deplasmanda Band\u0131rmaspor ile kar\u015f\u0131la\u015facak. Bu m\u00fcsabakan\u0131n haz\u0131rl\u0131klar\u0131n\u0131 s\u00fcrd\u00fcren ye\u015fil-beyazl\u0131 ekipte Teknik Direkt\u00f6r Burhan E\u015fer, antrenman \u00f6ncesi yapt\u0131\u011f\u0131 a\u00e7\u0131klamada, &#8220;Bodrum FK armas\u0131n\u0131n oldu\u011fu her ma\u00e7 bizim i\u00e7in \u00f6nemlidir&#8221; dedi.<br \/>\n<br \/>Bodrum FK, 8 Aral\u0131k Pazartesi g\u00fcn\u00fc saat 14.30\u2019da deplasmanda Band\u0131rmaspor ile kar\u015f\u0131la\u015facak. Bu ma\u00e7\u0131n haz\u0131rl\u0131klar\u0131n\u0131 Teknik Direkt\u00f6r Burhan E\u015fer y\u00f6netiminde Bodrum \u0130l\u00e7e Stadyumu Tesisleri\u2019nde s\u00fcrd\u00fcren Bodrum FK\u2019da, Celal Dumanl\u0131 ile Murat Sipahio\u011flu\u2019nun sakatl\u0131klar\u0131 nedeniyle m\u00fcsabakada forma giyemeyece\u011fi belirtildi. Okita ve Musah Mohammed\u2019in ise hafif sakatl\u0131klar\u0131n\u0131n bulundu\u011fu \u00f6\u011frenildi. \u00d6te yandan Ali Aytemur ve Ber\u015fan Yavuzay, cezalar\u0131 sebebiyle kadroda yer alamayacak. Sipay Bodrum FK, Band\u0131rma deplasman\u0131ndan 3 puanla d\u00f6nerek \u00fcst s\u0131ralardaki yerini korumay\u0131 hedefliyor.<\/p>\n<p>Burhan E\u015fer: &#8220;Bodrum FK armas\u0131n\u0131n oldu\u011fu her ma\u00e7 bizim i\u00e7in \u00f6nemlidir&#8221;<br \/>\n<br \/>M\u00fccadele \u00f6ncesi de\u011ferlendirmede bulunan Teknik Direkt\u00f6r Burhan E\u015fer, &#8220;Kupada karde\u015f tak\u0131m m\u00fccadelesinde tur atlay\u0131p gruplara kalmam\u0131z \u00f6nemliydi. Bodrum FK armas\u0131n\u0131n oldu\u011fu her ma\u00e7 bizim i\u00e7in \u00f6nemlidir. Son 2 deplasman ma\u00e7\u0131m\u0131z istedi\u011fimiz \u015fekilde bitmedi. Deplasman oyunumuzla ilgili istedi\u011fimiz seviyede de\u011filiz, onu geli\u015ftirmemiz gerekti\u011fini biz de biliyoruz onunla ilgili \u00e7al\u0131\u015fmalar\u0131m\u0131z\u0131 da yapt\u0131k. Deplasmandan art\u0131k 3 puanla d\u00f6nmemiz gerekiyor. Band\u0131rma uzun y\u0131llard\u0131r bu ligde m\u00fccadele eden iddial\u0131 bir tak\u0131m. Ligin en az gol yiyen tak\u0131mlar\u0131ndan bir tanesi, i\u00e7 sahada onlar da etkili oynuyor. Hedefimiz \u00fcst s\u0131ralar, i\u00e7 saha deplasman fark etmeksizin galibiyetler almam\u0131z laz\u0131m&#8221; ifadelerini kulland\u0131.<\/p>\n<p>\u0130smail Tar\u0131m: &#8220;Hocam\u0131z forma \u015fans\u0131 verdi\u011fi zaman en iyi \u015fekilde de\u011ferlendirmek istiyorum&#8221;<br \/>\n<br \/>Ziraat T\u00fcrkiye Kupas\u0131\u2019nda g\u00fczel bir Mu\u011fla derbisi oynad\u0131klar\u0131n\u0131 belirten Bodrum FK\u2019n\u0131n gen\u00e7 oyuncusu \u0130smail Tar\u0131m, &#8220;Kupada gruplara kald\u0131k ve ilerlemek istiyoruz. Ligde iyi durumday\u0131z, biraz deplasman grafi\u011fimiz k\u00f6t\u00fc, onun fark\u0131nday\u0131z daha ileriye \u00e7ekmeye \u00e7al\u0131\u015f\u0131yoruz. Gelecek 2 deplasman ma\u00e7\u0131ndan 6 puan almak istiyoruz. \u0130yi gidiyor, g\u00fczel haz\u0131rlan\u0131yoruz. Hocam\u0131z forma \u015fans\u0131 verdi\u011fi zaman en iyi \u015fekilde de\u011ferlendirmek istiyorum&#8221; diye konu\u015ftu.<br \/><\/p>\n","protected":false},"excerpt":{"rendered":"<p>Trendyol 1. Lig\u2019in 16. haftas\u0131nda Bodrum FK, deplasmanda Band\u0131rmaspor ile kar\u015f\u0131la\u015facak. Bu m\u00fcsabakan\u0131n haz\u0131rl\u0131klar\u0131n\u0131 s\u00fcrd\u00fcren ye\u015fil-beyazl\u0131 ekipte Teknik Direkt\u00f6r Burhan E\u015fer, antrenman \u00f6ncesi yapt\u0131\u011f\u0131 a\u00e7\u0131klamada, &#8220;Bodrum FK armas\u0131n\u0131n oldu\u011fu her ma\u00e7 bizim i\u00e7in \u00f6nemlidir&#8221; dedi. Bodrum FK, 8 Aral\u0131k Pazartesi g\u00fcn\u00fc saat 14.30\u2019da deplasmanda Band\u0131rmaspor ile kar\u015f\u0131la\u015facak. Bu ma\u00e7\u0131n haz\u0131rl\u0131klar\u0131n\u0131 Teknik Direkt\u00f6r Burhan E\u015fer y\u00f6netiminde&#8230;<\/p>\n","protected":false},"author":1,"featured_media":72411,"comment_status":"open","ping_status":"open","sticky":false,"template":"","format":"standard","meta":{"_crdt_document":"","footnotes":""},"categories":[4],"tags":[],"class_list":["post-72410","post","type-post","status-publish","format-standard","has-post-thumbnail","hentry","category-spor"],"_links":{"self":[{"href":"https:\/\/www.egemtv.com\/index.php?rest_route=\/wp\/v2\/posts\/72410","targetHints":{"allow":["GET"]}}],"collection":[{"href":"https:\/\/www.egemtv.com\/index.php?rest_route=\/wp\/v2\/posts"}],"about":[{"href":"https:\/\/www.egemtv.com\/index.php?rest_route=\/wp\/v2\/types\/post"}],"author":[{"embeddable":true,"href":"https:\/\/www.egemtv.com\/index.php?rest_route=\/wp\/v2\/users\/1"}],"replies":[{"embeddable":true,"href":"https:\/\/www.egemtv.com\/index.php?rest_route=%2Fwp%2Fv2%2Fcomments&post=72410"}],"version-history":[{"count":1,"href":"https:\/\/www.egemtv.com\/index.php?rest_route=\/wp\/v2\/posts\/72410\/revisions"}],"predecessor-version":[{"id":72412,"href":"https:\/\/www.egemtv.com\/index.php?rest_route=\/wp\/v2\/posts\/72410\/revisions\/72412"}],"wp:featuredmedia":[{"embeddable":true,"href":"https:\/\/www.egemtv.com\/index.php?rest_route=\/wp\/v2\/media\/72411"}],"wp:attachment":[{"href":"https:\/\/www.egemtv.com\/index.php?rest_route=%2Fwp%2Fv2%2Fmedia&parent=72410"}],"wp:term":[{"taxonomy":"category","embeddable":true,"href":"https:\/\/www.egemtv.com\/index.php?rest_route=%2Fwp%2Fv2%2Fcategories&post=72410"},{"taxonomy":"post_tag","embeddable":true,"href":"https:\/\/www.egemtv.com\/index.php?rest_route=%2Fwp%2Fv2%2Ftags&post=72410"}],"curies":[{"name":"wp","href":"https:\/\/api.w.org\/{rel}","templated":true}]}}