{"id":72407,"date":"2025-12-06T12:14:34","date_gmt":"2025-12-06T09:14:34","guid":{"rendered":"https:\/\/www.egemtv.com\/?p=72407"},"modified":"2025-12-06T12:14:35","modified_gmt":"2025-12-06T09:14:35","slug":"muglaspor-kritik-batmanspor-macina-taraftarini-cagirdi","status":"publish","type":"post","link":"https:\/\/www.egemtv.com\/?p=72407","title":{"rendered":"Mu\u011flaspor kritik Batmanspor ma\u00e7\u0131na taraftar\u0131n\u0131 \u00e7a\u011f\u0131rd\u0131"},"content":{"rendered":"<p>Mu\u011flaspor, ligdeki kritik m\u00fccadelesine haz\u0131rlan\u0131rken, t\u00fcm Mu\u011fla halk\u0131n\u0131 ve \u00f6zellikle gen\u00e7 nesli tak\u0131m\u0131n arkas\u0131nda durmaya davet etti. Y\u00f6netim ve taraftar gruplar\u0131, Batman Petrolspor ile oynanacak olan \u00f6nemli kar\u015f\u0131la\u015fmada trib\u00fcnlerin co\u015fkuyla dolmas\u0131n\u0131 hedefliyor.<br \/>\n<br \/>Kul\u00fcpten yap\u0131lan ve dostlu\u011fun vurguland\u0131\u011f\u0131 a\u00e7\u0131klamada, &#8220;Dostlar\u0131n bir araya geldi\u011fi o g\u00fczel g\u00fcnlerden biri daha geliyor! Mu\u011flaspor\u2019umuz, Batman Petrolspor ile \u00e7ok \u00f6nemli bir ma\u00e7a \u00e7\u0131k\u0131yor&#8221; ifadelerine yer verildi. Bu anlaml\u0131 kar\u015f\u0131la\u015fman\u0131n \u00f6nemine dikkat \u00e7ekilirken, Mu\u011flaspor y\u00f6netimi t\u00fcm Mu\u011fla halk\u0131n\u0131 ve \u00f6zellikle lise \u00f6\u011frencilerini trib\u00fcnlere davet etti. Yap\u0131lan \u00e7a\u011fr\u0131da, futbolun sadece bir spor de\u011fil, ayn\u0131 zamanda \u015fehrin birlik ve beraberlik ruhunu yans\u0131tan bir platform oldu\u011fu vurguland\u0131. Ma\u00e7 7 Aral\u0131k Pazar g\u00fcn\u00fc Saat:13.00\u2019da Mu\u011fla Atat\u00fcrk stadyumunda oynanacak.<br \/><\/p>\n","protected":false},"excerpt":{"rendered":"<p>Mu\u011flaspor, ligdeki kritik m\u00fccadelesine haz\u0131rlan\u0131rken, t\u00fcm Mu\u011fla halk\u0131n\u0131 ve \u00f6zellikle gen\u00e7 nesli tak\u0131m\u0131n arkas\u0131nda durmaya davet etti. Y\u00f6netim ve taraftar gruplar\u0131, Batman Petrolspor ile oynanacak olan \u00f6nemli kar\u015f\u0131la\u015fmada trib\u00fcnlerin co\u015fkuyla dolmas\u0131n\u0131 hedefliyor. Kul\u00fcpten yap\u0131lan ve dostlu\u011fun vurguland\u0131\u011f\u0131 a\u00e7\u0131klamada, &#8220;Dostlar\u0131n bir araya geldi\u011fi o g\u00fczel g\u00fcnlerden biri daha geliyor! Mu\u011flaspor\u2019umuz, Batman Petrolspor ile \u00e7ok \u00f6nemli bir&#8230;<\/p>\n","protected":false},"author":1,"featured_media":72408,"comment_status":"open","ping_status":"open","sticky":false,"template":"","format":"standard","meta":{"_crdt_document":"","footnotes":""},"categories":[4],"tags":[],"class_list":["post-72407","post","type-post","status-publish","format-standard","has-post-thumbnail","hentry","category-spor"],"_links":{"self":[{"href":"https:\/\/www.egemtv.com\/index.php?rest_route=\/wp\/v2\/posts\/72407","targetHints":{"allow":["GET"]}}],"collection":[{"href":"https:\/\/www.egemtv.com\/index.php?rest_route=\/wp\/v2\/posts"}],"about":[{"href":"https:\/\/www.egemtv.com\/index.php?rest_route=\/wp\/v2\/types\/post"}],"author":[{"embeddable":true,"href":"https:\/\/www.egemtv.com\/index.php?rest_route=\/wp\/v2\/users\/1"}],"replies":[{"embeddable":true,"href":"https:\/\/www.egemtv.com\/index.php?rest_route=%2Fwp%2Fv2%2Fcomments&post=72407"}],"version-history":[{"count":1,"href":"https:\/\/www.egemtv.com\/index.php?rest_route=\/wp\/v2\/posts\/72407\/revisions"}],"predecessor-version":[{"id":72409,"href":"https:\/\/www.egemtv.com\/index.php?rest_route=\/wp\/v2\/posts\/72407\/revisions\/72409"}],"wp:featuredmedia":[{"embeddable":true,"href":"https:\/\/www.egemtv.com\/index.php?rest_route=\/wp\/v2\/media\/72408"}],"wp:attachment":[{"href":"https:\/\/www.egemtv.com\/index.php?rest_route=%2Fwp%2Fv2%2Fmedia&parent=72407"}],"wp:term":[{"taxonomy":"category","embeddable":true,"href":"https:\/\/www.egemtv.com\/index.php?rest_route=%2Fwp%2Fv2%2Fcategories&post=72407"},{"taxonomy":"post_tag","embeddable":true,"href":"https:\/\/www.egemtv.com\/index.php?rest_route=%2Fwp%2Fv2%2Ftags&post=72407"}],"curies":[{"name":"wp","href":"https:\/\/api.w.org\/{rel}","templated":true}]}}