{"id":72398,"date":"2025-12-06T11:54:51","date_gmt":"2025-12-06T08:54:51","guid":{"rendered":"https:\/\/www.egemtv.com\/?p=72398"},"modified":"2025-12-06T11:54:52","modified_gmt":"2025-12-06T08:54:52","slug":"dsiye-ait-kepcenin-calinip-define-arandigi-iddiasi","status":"publish","type":"post","link":"https:\/\/www.egemtv.com\/?p=72398","title":{"rendered":"DS\u0130\u2019ye ait kep\u00e7enin \u00e7al\u0131n\u0131p define arand\u0131\u011f\u0131 iddias\u0131"},"content":{"rendered":"<p>Burdur\u2019da \u00e7al\u0131\u015fma yapan Devlet Su \u0130\u015fleri\u2019ne (DS\u0130) ait kep\u00e7e gece saatlerinde kimli\u011fi belirlemeyen \u015fah\u0131slar taraf\u0131ndan \u00e7al\u0131narak yak\u0131ndaki bir b\u00f6lgede define arand\u0131\u011f\u0131 iddia edildi. Daha sonras\u0131nda \u015fah\u0131slar kep\u00e7eyi geri getirirken durum kep\u00e7ede bulunan takip cihaz\u0131 sayesinde ortaya \u00e7\u0131kt\u0131.<br \/>\n<br \/>Olay, ge\u00e7ti\u011fimiz g\u00fcnlerde Burdur\u2019un Ye\u015filova il\u00e7esine ba\u011fl\u0131 Alank\u00f6y\u2019de meydana geldi. \u0130ddia g\u00f6re, DS\u0130\u2019nin bahse konu k\u00f6ydeki \u00e7al\u0131\u015fmas\u0131 nedeniyle b\u00f6lgede bulunan bir kep\u00e7e, kimli\u011fi belirlemeyen \u015fah\u0131s ya da \u015fah\u0131slar taraf\u0131ndan gece saatlerinde \u00e7al\u0131nd\u0131. Daha sonras\u0131nda \u015fah\u0131slar taraf\u0131ndan 700 metre uzakl\u0131ktaki b\u00f6lgeye g\u00f6t\u00fcr\u00fclerek burada define arand\u0131. Yakla\u015f\u0131k 2 saat boyunca kep\u00e7eyi kullanan \u015fah\u0131slar daha sonras\u0131nda kep\u00e7eyi ald\u0131klar\u0131 gibi b\u0131rakarak kay\u0131plara kar\u0131\u015ft\u0131. Olay ise kep\u00e7edeki takip cihaz\u0131 sayesinde ortaya \u00e7\u0131kt\u0131. DS\u0130 ekipleri taraf\u0131ndan durum ilk olarak jandarma bildirildi. Jandarma ekipleri taraf\u0131ndan yap\u0131lan \u00e7al\u0131\u015fmalar neticesinde k\u00f6yde yap\u0131lan \u00e7al\u0131\u015fmada g\u00f6revli ve kep\u00e7eyi kullanan DS\u0130 personellinin ifadesine ba\u015fvuruldu. \u0130fadede personel durumdan haberinin olmad\u0131\u011f\u0131n\u0131 belirtirken tahkikat\u0131n \u00e7ok y\u00f6nl\u00fc olarak devam etti\u011fi \u00f6\u011frenildi. Olay\u0131 ger\u00e7ekle\u015ftiren \u015fah\u0131slar\u0131n bulunmas\u0131 ve \u015fah\u0131slar taraf\u0131ndan \u00e7\u0131kar\u0131lan bir define varsa da bulunmas\u0131 i\u00e7in \u00e7al\u0131\u015fma ba\u015flat\u0131ld\u0131.<br \/>\n<br \/>\u00d6te yandan, k\u00f6ye ismini veren Alank\u00f6y H\u00f6y\u00fc\u011f\u00fc\u2019n\u00fcn bu b\u00f6lgede oldu\u011fu, Antalya K\u00fclt\u00fcr ve Tabiat Varl\u0131klar\u0131 Koruma B\u00f6lge Kurulu taraf\u0131ndan 2009 y\u0131l\u0131nda al\u0131nan kararla b\u00f6lgenin 1. Derece Arkeolojik Sit Alan\u0131 olarak belirlendi\u011fi \u00f6\u011frenildi.<br \/><\/p>\n","protected":false},"excerpt":{"rendered":"<p>Burdur\u2019da \u00e7al\u0131\u015fma yapan Devlet Su \u0130\u015fleri\u2019ne (DS\u0130) ait kep\u00e7e gece saatlerinde kimli\u011fi belirlemeyen \u015fah\u0131slar taraf\u0131ndan \u00e7al\u0131narak yak\u0131ndaki bir b\u00f6lgede define arand\u0131\u011f\u0131 iddia edildi. Daha sonras\u0131nda \u015fah\u0131slar kep\u00e7eyi geri getirirken durum kep\u00e7ede bulunan takip cihaz\u0131 sayesinde ortaya \u00e7\u0131kt\u0131. Olay, ge\u00e7ti\u011fimiz g\u00fcnlerde Burdur\u2019un Ye\u015filova il\u00e7esine ba\u011fl\u0131 Alank\u00f6y\u2019de meydana geldi. \u0130ddia g\u00f6re, DS\u0130\u2019nin bahse konu k\u00f6ydeki \u00e7al\u0131\u015fmas\u0131 nedeniyle&#8230;<\/p>\n","protected":false},"author":1,"featured_media":72399,"comment_status":"open","ping_status":"open","sticky":false,"template":"","format":"standard","meta":{"_crdt_document":"","footnotes":""},"categories":[5],"tags":[],"class_list":["post-72398","post","type-post","status-publish","format-standard","has-post-thumbnail","hentry","category-asayis"],"_links":{"self":[{"href":"https:\/\/www.egemtv.com\/index.php?rest_route=\/wp\/v2\/posts\/72398","targetHints":{"allow":["GET"]}}],"collection":[{"href":"https:\/\/www.egemtv.com\/index.php?rest_route=\/wp\/v2\/posts"}],"about":[{"href":"https:\/\/www.egemtv.com\/index.php?rest_route=\/wp\/v2\/types\/post"}],"author":[{"embeddable":true,"href":"https:\/\/www.egemtv.com\/index.php?rest_route=\/wp\/v2\/users\/1"}],"replies":[{"embeddable":true,"href":"https:\/\/www.egemtv.com\/index.php?rest_route=%2Fwp%2Fv2%2Fcomments&post=72398"}],"version-history":[{"count":1,"href":"https:\/\/www.egemtv.com\/index.php?rest_route=\/wp\/v2\/posts\/72398\/revisions"}],"predecessor-version":[{"id":72400,"href":"https:\/\/www.egemtv.com\/index.php?rest_route=\/wp\/v2\/posts\/72398\/revisions\/72400"}],"wp:featuredmedia":[{"embeddable":true,"href":"https:\/\/www.egemtv.com\/index.php?rest_route=\/wp\/v2\/media\/72399"}],"wp:attachment":[{"href":"https:\/\/www.egemtv.com\/index.php?rest_route=%2Fwp%2Fv2%2Fmedia&parent=72398"}],"wp:term":[{"taxonomy":"category","embeddable":true,"href":"https:\/\/www.egemtv.com\/index.php?rest_route=%2Fwp%2Fv2%2Fcategories&post=72398"},{"taxonomy":"post_tag","embeddable":true,"href":"https:\/\/www.egemtv.com\/index.php?rest_route=%2Fwp%2Fv2%2Ftags&post=72398"}],"curies":[{"name":"wp","href":"https:\/\/api.w.org\/{rel}","templated":true}]}}