{"id":72395,"date":"2025-12-06T11:54:50","date_gmt":"2025-12-06T08:54:50","guid":{"rendered":"https:\/\/www.egemtv.com\/?p=72395"},"modified":"2025-12-06T11:54:51","modified_gmt":"2025-12-06T08:54:51","slug":"salihlide-universite-ogrencilerine-mobil-fotograf-egitimi","status":"publish","type":"post","link":"https:\/\/www.egemtv.com\/?p=72395","title":{"rendered":"Salihli\u2019de \u00fcniversite \u00f6\u011frencilerine mobil foto\u011fraf e\u011fitimi"},"content":{"rendered":"<p>Manisa\u2019n\u0131n Salihli il\u00e7esinde faaliyet g\u00f6steren Salihli Foto\u011fraf Derne\u011fi (SALFOD), Manisa Celal Bayar \u00dcniversitesi \u00f6\u011frencilerine y\u00f6nelik mobil foto\u011fraf e\u011fitimi ger\u00e7ekle\u015ftirdi.<br \/>\n<br \/>Salihli ve \u00e7evresini foto\u011fraf kareleriyle belgeleyen dernek \u00fcyeleri, &#8220;Jeopark\u0131 ve Tarih I\u015f\u0131\u011f\u0131nda: Manisa\u2019n\u0131n Belgeseli&#8221; proje \u00e7al\u0131\u015fmas\u0131 kapsam\u0131nda \u00f6\u011frencilere foto\u011fraf\u00e7\u0131l\u0131\u011f\u0131n temel noktalar\u0131n\u0131 aktard\u0131. Salihli Ticaret ve Sanayi Odas\u0131 Meclis Toplant\u0131 Salonu\u2019nda d\u00fczenlenen e\u011fitim, SALFOD Ba\u015fkan\u0131 Mustafa D\u00f6nmez\u2019in yan\u0131 s\u0131ra dernek \u00fcyeleri Bahtiyar Ba\u015fkan, \u00d6zcan T\u00fcrbe ve Ali Kabasakal taraf\u0131ndan verildi. D\u00f6nmez, mobil foto\u011fraf\u00e7\u0131l\u0131\u011fa dair \u00f6nemli teknik bilgiler payla\u015farak \u00fcniversite \u00f6\u011frencilerinin proje s\u00fcrecine katk\u0131 sa\u011flad\u0131.<br \/>\n<br \/>E\u011fitimin sonunda Mustafa D\u00f6nmez\u2019e plaket takdim edildi. Program, \u00e7ekilen hat\u0131ra foto\u011fraf\u0131yla sona erdi.<br \/><\/p>\n","protected":false},"excerpt":{"rendered":"<p>Manisa\u2019n\u0131n Salihli il\u00e7esinde faaliyet g\u00f6steren Salihli Foto\u011fraf Derne\u011fi (SALFOD), Manisa Celal Bayar \u00dcniversitesi \u00f6\u011frencilerine y\u00f6nelik mobil foto\u011fraf e\u011fitimi ger\u00e7ekle\u015ftirdi. Salihli ve \u00e7evresini foto\u011fraf kareleriyle belgeleyen dernek \u00fcyeleri, &#8220;Jeopark\u0131 ve Tarih I\u015f\u0131\u011f\u0131nda: Manisa\u2019n\u0131n Belgeseli&#8221; proje \u00e7al\u0131\u015fmas\u0131 kapsam\u0131nda \u00f6\u011frencilere foto\u011fraf\u00e7\u0131l\u0131\u011f\u0131n temel noktalar\u0131n\u0131 aktard\u0131. Salihli Ticaret ve Sanayi Odas\u0131 Meclis Toplant\u0131 Salonu\u2019nda d\u00fczenlenen e\u011fitim, SALFOD Ba\u015fkan\u0131 Mustafa D\u00f6nmez\u2019in&#8230;<\/p>\n","protected":false},"author":1,"featured_media":72396,"comment_status":"open","ping_status":"open","sticky":false,"template":"","format":"standard","meta":{"_crdt_document":"","footnotes":""},"categories":[1],"tags":[],"class_list":["post-72395","post","type-post","status-publish","format-standard","has-post-thumbnail","hentry","category-guncel"],"_links":{"self":[{"href":"https:\/\/www.egemtv.com\/index.php?rest_route=\/wp\/v2\/posts\/72395","targetHints":{"allow":["GET"]}}],"collection":[{"href":"https:\/\/www.egemtv.com\/index.php?rest_route=\/wp\/v2\/posts"}],"about":[{"href":"https:\/\/www.egemtv.com\/index.php?rest_route=\/wp\/v2\/types\/post"}],"author":[{"embeddable":true,"href":"https:\/\/www.egemtv.com\/index.php?rest_route=\/wp\/v2\/users\/1"}],"replies":[{"embeddable":true,"href":"https:\/\/www.egemtv.com\/index.php?rest_route=%2Fwp%2Fv2%2Fcomments&post=72395"}],"version-history":[{"count":1,"href":"https:\/\/www.egemtv.com\/index.php?rest_route=\/wp\/v2\/posts\/72395\/revisions"}],"predecessor-version":[{"id":72397,"href":"https:\/\/www.egemtv.com\/index.php?rest_route=\/wp\/v2\/posts\/72395\/revisions\/72397"}],"wp:featuredmedia":[{"embeddable":true,"href":"https:\/\/www.egemtv.com\/index.php?rest_route=\/wp\/v2\/media\/72396"}],"wp:attachment":[{"href":"https:\/\/www.egemtv.com\/index.php?rest_route=%2Fwp%2Fv2%2Fmedia&parent=72395"}],"wp:term":[{"taxonomy":"category","embeddable":true,"href":"https:\/\/www.egemtv.com\/index.php?rest_route=%2Fwp%2Fv2%2Fcategories&post=72395"},{"taxonomy":"post_tag","embeddable":true,"href":"https:\/\/www.egemtv.com\/index.php?rest_route=%2Fwp%2Fv2%2Ftags&post=72395"}],"curies":[{"name":"wp","href":"https:\/\/api.w.org\/{rel}","templated":true}]}}