{"id":72392,"date":"2025-12-06T11:35:15","date_gmt":"2025-12-06T08:35:15","guid":{"rendered":"https:\/\/www.egemtv.com\/?p=72392"},"modified":"2025-12-06T11:35:17","modified_gmt":"2025-12-06T08:35:17","slug":"aydin-buyuksehir-belediyesinde-hizli-mudahale-altikumda-onarim-calismalari-devam-ediyor","status":"publish","type":"post","link":"https:\/\/www.egemtv.com\/?p=72392","title":{"rendered":"Ayd\u0131n B\u00fcy\u00fck\u015fehir Belediyesi\u2019nde h\u0131zl\u0131 m\u00fcdahale: Alt\u0131kum\u2019da onar\u0131m \u00e7al\u0131\u015fmalar\u0131 devam ediyor"},"content":{"rendered":"<p>Didim\u2019de etkili olan \u015fiddetli ya\u011f\u0131\u015flar\u0131n ard\u0131ndan Alt\u0131nkum Mahallesi Yal\u0131 Caddesi\u2019nde olu\u015fan bozulmalar i\u00e7in Ayd\u0131n B\u00fcy\u00fck\u015fehir Belediyesi onar\u0131m \u00e7al\u0131\u015fmalar\u0131na ba\u015flad\u0131.<br \/>\n<br \/>Ayd\u0131n B\u00fcy\u00fck\u015fehir Belediyesi Fen \u0130\u015fleri Dairesi Ba\u015fkanl\u0131\u011f\u0131 ekipleri, ya\u011f\u0131\u015f\u0131n ard\u0131ndan olu\u015fan zemin bozulmalar\u0131, \u00e7\u00f6kme alanlar\u0131 ve y\u00fczey deformasyonlar\u0131n\u0131 gidermek i\u00e7in b\u00f6lgede \u00e7al\u0131\u015fma ba\u015flatt\u0131. Caddenin yaya trafi\u011fine a\u00e7\u0131k olmas\u0131 nedeniyle \u00e7al\u0131\u015fmalar kontroll\u00fc \u015fekilde ilerlerken, ekipler \u00f6zellikle risk olu\u015fturan noktalar\u0131n g\u00fc\u00e7lendirilmesine \u00f6ncelik veriyor.<br \/>\n<br \/>Ekipler, hasarl\u0131 y\u00fczeylerin s\u00f6k\u00fclmesi, dolgu malzemesi ile zeminin yeniden sa\u011flamla\u015ft\u0131r\u0131lmas\u0131 ve bozulan noktalar\u0131n onar\u0131lmas\u0131 i\u00e7in cadde boyunca aral\u0131ks\u0131z \u00e7al\u0131\u015fma ger\u00e7ekle\u015ftiriyor. Ya\u011f\u0131\u015f\u0131n etkisiyle tahribat olu\u015fan b\u00f6lgelerde ek tedbirler al\u0131narak altyap\u0131n\u0131n zarar g\u00f6rmemesi i\u00e7in kontroller yap\u0131l\u0131yor.<br \/>\n<br \/>B\u00f6lgedeki esnaf ve vatanda\u015flar, ya\u011f\u0131\u015f sonras\u0131 h\u0131zl\u0131 \u015fekilde harekete ge\u00e7en ve g\u00fcnl\u00fck hayat\u0131 aksatmadan \u00e7al\u0131\u015fmalar\u0131 s\u00fcrd\u00fcren Ayd\u0131n B\u00fcy\u00fck\u015fehir Belediyesi ekiplerine te\u015fekk\u00fcr etti. B\u00fcy\u00fck\u015fehir Belediyesi yetkilileri, b\u00f6lgede ger\u00e7ekle\u015ftirilen \u00e7al\u0131\u015fmalar\u0131n hava muhalefetinin sona ermesinin ard\u0131ndan da h\u0131zla s\u00fcrd\u00fcr\u00fclece\u011fini belirtti.<br \/><\/p>\n","protected":false},"excerpt":{"rendered":"<p>Didim\u2019de etkili olan \u015fiddetli ya\u011f\u0131\u015flar\u0131n ard\u0131ndan Alt\u0131nkum Mahallesi Yal\u0131 Caddesi\u2019nde olu\u015fan bozulmalar i\u00e7in Ayd\u0131n B\u00fcy\u00fck\u015fehir Belediyesi onar\u0131m \u00e7al\u0131\u015fmalar\u0131na ba\u015flad\u0131. Ayd\u0131n B\u00fcy\u00fck\u015fehir Belediyesi Fen \u0130\u015fleri Dairesi Ba\u015fkanl\u0131\u011f\u0131 ekipleri, ya\u011f\u0131\u015f\u0131n ard\u0131ndan olu\u015fan zemin bozulmalar\u0131, \u00e7\u00f6kme alanlar\u0131 ve y\u00fczey deformasyonlar\u0131n\u0131 gidermek i\u00e7in b\u00f6lgede \u00e7al\u0131\u015fma ba\u015flatt\u0131. Caddenin yaya trafi\u011fine a\u00e7\u0131k olmas\u0131 nedeniyle \u00e7al\u0131\u015fmalar kontroll\u00fc \u015fekilde ilerlerken, ekipler \u00f6zellikle risk&#8230;<\/p>\n","protected":false},"author":1,"featured_media":72393,"comment_status":"open","ping_status":"open","sticky":false,"template":"","format":"standard","meta":{"_crdt_document":"","footnotes":""},"categories":[1],"tags":[],"class_list":["post-72392","post","type-post","status-publish","format-standard","has-post-thumbnail","hentry","category-guncel"],"_links":{"self":[{"href":"https:\/\/www.egemtv.com\/index.php?rest_route=\/wp\/v2\/posts\/72392","targetHints":{"allow":["GET"]}}],"collection":[{"href":"https:\/\/www.egemtv.com\/index.php?rest_route=\/wp\/v2\/posts"}],"about":[{"href":"https:\/\/www.egemtv.com\/index.php?rest_route=\/wp\/v2\/types\/post"}],"author":[{"embeddable":true,"href":"https:\/\/www.egemtv.com\/index.php?rest_route=\/wp\/v2\/users\/1"}],"replies":[{"embeddable":true,"href":"https:\/\/www.egemtv.com\/index.php?rest_route=%2Fwp%2Fv2%2Fcomments&post=72392"}],"version-history":[{"count":1,"href":"https:\/\/www.egemtv.com\/index.php?rest_route=\/wp\/v2\/posts\/72392\/revisions"}],"predecessor-version":[{"id":72394,"href":"https:\/\/www.egemtv.com\/index.php?rest_route=\/wp\/v2\/posts\/72392\/revisions\/72394"}],"wp:featuredmedia":[{"embeddable":true,"href":"https:\/\/www.egemtv.com\/index.php?rest_route=\/wp\/v2\/media\/72393"}],"wp:attachment":[{"href":"https:\/\/www.egemtv.com\/index.php?rest_route=%2Fwp%2Fv2%2Fmedia&parent=72392"}],"wp:term":[{"taxonomy":"category","embeddable":true,"href":"https:\/\/www.egemtv.com\/index.php?rest_route=%2Fwp%2Fv2%2Fcategories&post=72392"},{"taxonomy":"post_tag","embeddable":true,"href":"https:\/\/www.egemtv.com\/index.php?rest_route=%2Fwp%2Fv2%2Ftags&post=72392"}],"curies":[{"name":"wp","href":"https:\/\/api.w.org\/{rel}","templated":true}]}}