{"id":72389,"date":"2025-12-06T11:35:14","date_gmt":"2025-12-06T08:35:14","guid":{"rendered":"https:\/\/www.egemtv.com\/?p=72389"},"modified":"2025-12-06T11:35:15","modified_gmt":"2025-12-06T08:35:15","slug":"mugla-orman-bolge-mudurlugu-personeline-silah-egitimi","status":"publish","type":"post","link":"https:\/\/www.egemtv.com\/?p=72389","title":{"rendered":"Mu\u011fla Orman B\u00f6lge M\u00fcd\u00fcrl\u00fc\u011f\u00fc personeline silah e\u011fitimi"},"content":{"rendered":"<p>Mu\u011fla Orman B\u00f6lge M\u00fcd\u00fcrl\u00fc\u011f\u00fc, g\u00f6revleri gere\u011fi silah ta\u015f\u0131ma ve kullanma yetkisine sahip olan personelin profesyonel yetkinli\u011fini art\u0131rmak amac\u0131yla kapsaml\u0131 bir silah e\u011fitimi d\u00fczenledi.<\/p>\n<p>Kolluk g\u00f6revi ve kolluk amiri faaliyetlerini aktif olarak y\u00fcr\u00fcten personele y\u00f6nelik ger\u00e7ekle\u015ftirilen e\u011fitim, g\u00fcvenlik standartlar\u0131n\u0131n en \u00fcst d\u00fczeyde tutulmas\u0131 hedefiyle Mu\u011fla \u0130l Emniyet M\u00fcd\u00fcrl\u00fc\u011f\u00fc uzman ekipleri taraf\u0131ndan verildi. Mu\u011fla \u0130l Emniyet M\u00fcd\u00fcrl\u00fc\u011f\u00fc at\u0131\u015f poligonunda ger\u00e7ekle\u015ftirilen e\u011fitime, Mu\u011fla Orman B\u00f6lge M\u00fcd\u00fcr\u00fc Mustafa \u00dclk\u00fcd\u00fcr de kat\u0131l\u0131m g\u00f6sterdi. B\u00f6lge M\u00fcd\u00fcrl\u00fc\u011f\u00fc, bu t\u00fcr e\u011fitimlerle personelinin hem hukuki yetkilerini do\u011fru kullanma becerisini geli\u015ftirmeyi hem de orman kaynaklar\u0131n\u0131 ve personelin g\u00fcvenli\u011fini en \u00fcst d\u00fczeyde korumay\u0131 ama\u00e7lad\u0131\u011f\u0131n\u0131 belirtti.<br \/><\/p>\n","protected":false},"excerpt":{"rendered":"<p>Mu\u011fla Orman B\u00f6lge M\u00fcd\u00fcrl\u00fc\u011f\u00fc, g\u00f6revleri gere\u011fi silah ta\u015f\u0131ma ve kullanma yetkisine sahip olan personelin profesyonel yetkinli\u011fini art\u0131rmak amac\u0131yla kapsaml\u0131 bir silah e\u011fitimi d\u00fczenledi. Kolluk g\u00f6revi ve kolluk amiri faaliyetlerini aktif olarak y\u00fcr\u00fcten personele y\u00f6nelik ger\u00e7ekle\u015ftirilen e\u011fitim, g\u00fcvenlik standartlar\u0131n\u0131n en \u00fcst d\u00fczeyde tutulmas\u0131 hedefiyle Mu\u011fla \u0130l Emniyet M\u00fcd\u00fcrl\u00fc\u011f\u00fc uzman ekipleri taraf\u0131ndan verildi. Mu\u011fla \u0130l Emniyet M\u00fcd\u00fcrl\u00fc\u011f\u00fc&#8230;<\/p>\n","protected":false},"author":1,"featured_media":72390,"comment_status":"open","ping_status":"open","sticky":false,"template":"","format":"standard","meta":{"_crdt_document":"","footnotes":""},"categories":[1],"tags":[],"class_list":["post-72389","post","type-post","status-publish","format-standard","has-post-thumbnail","hentry","category-guncel"],"_links":{"self":[{"href":"https:\/\/www.egemtv.com\/index.php?rest_route=\/wp\/v2\/posts\/72389","targetHints":{"allow":["GET"]}}],"collection":[{"href":"https:\/\/www.egemtv.com\/index.php?rest_route=\/wp\/v2\/posts"}],"about":[{"href":"https:\/\/www.egemtv.com\/index.php?rest_route=\/wp\/v2\/types\/post"}],"author":[{"embeddable":true,"href":"https:\/\/www.egemtv.com\/index.php?rest_route=\/wp\/v2\/users\/1"}],"replies":[{"embeddable":true,"href":"https:\/\/www.egemtv.com\/index.php?rest_route=%2Fwp%2Fv2%2Fcomments&post=72389"}],"version-history":[{"count":1,"href":"https:\/\/www.egemtv.com\/index.php?rest_route=\/wp\/v2\/posts\/72389\/revisions"}],"predecessor-version":[{"id":72391,"href":"https:\/\/www.egemtv.com\/index.php?rest_route=\/wp\/v2\/posts\/72389\/revisions\/72391"}],"wp:featuredmedia":[{"embeddable":true,"href":"https:\/\/www.egemtv.com\/index.php?rest_route=\/wp\/v2\/media\/72390"}],"wp:attachment":[{"href":"https:\/\/www.egemtv.com\/index.php?rest_route=%2Fwp%2Fv2%2Fmedia&parent=72389"}],"wp:term":[{"taxonomy":"category","embeddable":true,"href":"https:\/\/www.egemtv.com\/index.php?rest_route=%2Fwp%2Fv2%2Fcategories&post=72389"},{"taxonomy":"post_tag","embeddable":true,"href":"https:\/\/www.egemtv.com\/index.php?rest_route=%2Fwp%2Fv2%2Ftags&post=72389"}],"curies":[{"name":"wp","href":"https:\/\/api.w.org\/{rel}","templated":true}]}}