{"id":72386,"date":"2025-12-06T11:35:13","date_gmt":"2025-12-06T08:35:13","guid":{"rendered":"https:\/\/www.egemtv.com\/?p=72386"},"modified":"2025-12-06T11:35:14","modified_gmt":"2025-12-06T08:35:14","slug":"sehir-hastanesinde-son-kontroller-yapildi","status":"publish","type":"post","link":"https:\/\/www.egemtv.com\/?p=72386","title":{"rendered":"\u015eehir Hastanesi\u2019nde son kontroller yap\u0131ld\u0131"},"content":{"rendered":"<p>Sa\u011fl\u0131k Bakanl\u0131\u011f\u0131\u2019n\u0131n 2020 yat\u0131r\u0131m program\u0131na al\u0131narak 2021 y\u0131l\u0131 Kas\u0131m ay\u0131nda merkez il\u00e7e Efeler\u2019de in\u015faat\u0131na ba\u015flanan Ayd\u0131n \u015eehir Hastanesi, a\u00e7\u0131l\u0131\u015f i\u00e7in g\u00fcn saymaya ba\u015flarken, ayda ortalama 450 bin hastaya hizmet verecek hastanede son kontroller yap\u0131ld\u0131.<br \/>\n<br \/>T\u00fcrkiye\u2019nin 21. \u015eehir Hastanesi Ayd\u0131n\u2019da y\u00fckselmeye devam ederken, sa\u011fl\u0131k hizmetlerinin daha nitelikli sunulmas\u0131 amac\u0131yla merkez il\u00e7e Efeler\u2019de in\u015faat\u0131na ba\u015flanan hastanede sona gelindi. Ayd\u0131n ve Ege B\u00f6lgesi\u2019nin uluslararas\u0131 kalitede bir sa\u011fl\u0131k kamp\u00fcs\u00fc haline gelmesi beklenen \u015eehir Hastanesi\u2019nde \u00e7al\u0131\u015fmalar 24 saat esas\u0131na g\u00f6re t\u00fcm h\u0131z\u0131yla devam ederken Ayd\u0131n \u0130l Sa\u011fl\u0131k M\u00fcd\u00fcr\u00fc Dr. Eser \u015eenkul, Fizik Tedavi ve Rehabilitasyon \u00dcnitesi ile g\u00f6r\u00fcnt\u00fcleme alanlar\u0131nda incelemelerde bulundu. Fizik Tedavi, ultrason ve MR alanlar\u0131nda yap\u0131lan son haz\u0131rl\u0131klar\u0131 yerinde de\u011ferlendiren \u0130l Sa\u011fl\u0131k M\u00fcd\u00fcr\u00fc \u015eenkul, birimlerde y\u00fcr\u00fct\u00fclen teknik kontroller, ekipman yerle\u015fimleri ve i\u015fleyi\u015fe y\u00f6nelik planlamalar hakk\u0131nda \u015eehir Hastanesi Kurucu Ba\u015fhekiminden bilgi ald\u0131. Son kontrollerin yap\u0131ld\u0131\u011f\u0131 \u015eehir Hastanesi\u2019nin de en k\u0131sa s\u00fcrede hizmete girmesi bekleniyor.<br \/><\/p>\n","protected":false},"excerpt":{"rendered":"<p>Sa\u011fl\u0131k Bakanl\u0131\u011f\u0131\u2019n\u0131n 2020 yat\u0131r\u0131m program\u0131na al\u0131narak 2021 y\u0131l\u0131 Kas\u0131m ay\u0131nda merkez il\u00e7e Efeler\u2019de in\u015faat\u0131na ba\u015flanan Ayd\u0131n \u015eehir Hastanesi, a\u00e7\u0131l\u0131\u015f i\u00e7in g\u00fcn saymaya ba\u015flarken, ayda ortalama 450 bin hastaya hizmet verecek hastanede son kontroller yap\u0131ld\u0131. T\u00fcrkiye\u2019nin 21. \u015eehir Hastanesi Ayd\u0131n\u2019da y\u00fckselmeye devam ederken, sa\u011fl\u0131k hizmetlerinin daha nitelikli sunulmas\u0131 amac\u0131yla merkez il\u00e7e Efeler\u2019de in\u015faat\u0131na ba\u015flanan hastanede sona&#8230;<\/p>\n","protected":false},"author":1,"featured_media":72387,"comment_status":"open","ping_status":"open","sticky":false,"template":"","format":"standard","meta":{"_crdt_document":"","footnotes":""},"categories":[2],"tags":[],"class_list":["post-72386","post","type-post","status-publish","format-standard","has-post-thumbnail","hentry","category-saglik"],"_links":{"self":[{"href":"https:\/\/www.egemtv.com\/index.php?rest_route=\/wp\/v2\/posts\/72386","targetHints":{"allow":["GET"]}}],"collection":[{"href":"https:\/\/www.egemtv.com\/index.php?rest_route=\/wp\/v2\/posts"}],"about":[{"href":"https:\/\/www.egemtv.com\/index.php?rest_route=\/wp\/v2\/types\/post"}],"author":[{"embeddable":true,"href":"https:\/\/www.egemtv.com\/index.php?rest_route=\/wp\/v2\/users\/1"}],"replies":[{"embeddable":true,"href":"https:\/\/www.egemtv.com\/index.php?rest_route=%2Fwp%2Fv2%2Fcomments&post=72386"}],"version-history":[{"count":1,"href":"https:\/\/www.egemtv.com\/index.php?rest_route=\/wp\/v2\/posts\/72386\/revisions"}],"predecessor-version":[{"id":72388,"href":"https:\/\/www.egemtv.com\/index.php?rest_route=\/wp\/v2\/posts\/72386\/revisions\/72388"}],"wp:featuredmedia":[{"embeddable":true,"href":"https:\/\/www.egemtv.com\/index.php?rest_route=\/wp\/v2\/media\/72387"}],"wp:attachment":[{"href":"https:\/\/www.egemtv.com\/index.php?rest_route=%2Fwp%2Fv2%2Fmedia&parent=72386"}],"wp:term":[{"taxonomy":"category","embeddable":true,"href":"https:\/\/www.egemtv.com\/index.php?rest_route=%2Fwp%2Fv2%2Fcategories&post=72386"},{"taxonomy":"post_tag","embeddable":true,"href":"https:\/\/www.egemtv.com\/index.php?rest_route=%2Fwp%2Fv2%2Ftags&post=72386"}],"curies":[{"name":"wp","href":"https:\/\/api.w.org\/{rel}","templated":true}]}}