{"id":72383,"date":"2025-12-06T11:35:12","date_gmt":"2025-12-06T08:35:12","guid":{"rendered":"https:\/\/www.egemtv.com\/?p=72383"},"modified":"2025-12-06T11:35:13","modified_gmt":"2025-12-06T08:35:13","slug":"meahta-karbonmonoksit-uyarisi","status":"publish","type":"post","link":"https:\/\/www.egemtv.com\/?p=72383","title":{"rendered":"MEAH\u2019ta karbonmonoksit uyar\u0131s\u0131"},"content":{"rendered":"<p>Mu\u011fla E\u011fitim ve Ara\u015ft\u0131rma Hastanesinde, k\u0131\u015f aylar\u0131nda artan karbonmonoksit zehirlenmelerine dikkat \u00e7ekmek amac\u0131yla kapsaml\u0131 bir fark\u0131ndal\u0131k program\u0131 d\u00fczenlendi. &#8220;Sessiz Tehlike-Karbonmonoksit Zehirlenmesi&#8221; ba\u015fl\u0131\u011f\u0131yla ger\u00e7ekle\u015ftirilen etkinlik, hastane personeli ve vatanda\u015flar taraf\u0131ndan yo\u011fun ilgi g\u00f6rd\u00fc.<br \/>\n<br \/>Hastanenin \u00c7evre ve At\u0131k Y\u00f6netimi Birimi \u00e7al\u0131\u015fanlar\u0131 Aleyna Alper ve Furkan Teber ile E\u011fitim Birimi taraf\u0131ndan ortakla\u015fa y\u00fcr\u00fct\u00fclen \u00e7al\u0131\u015fma kapsam\u0131nda, karbonmonoksit gaz\u0131n\u0131n \u00f6zellikleri, zehirlenme an\u0131nda ortaya \u00e7\u0131kan hayati belirtiler ve al\u0131nmas\u0131 gereken \u00f6nleyici tedbirler detayl\u0131 bi\u00e7imde anlat\u0131ld\u0131.<br \/>\n<br \/>Etkinlik \u00e7er\u00e7evesinde, hastane giri\u015fleri, poliklinik alanlar\u0131 ve di\u011fer yo\u011fun kullan\u0131m b\u00f6lgelerine dikkat \u00e7ekici bilgilendirme afi\u015fleri yerle\u015ftirildi. Bu afi\u015flerle hem hastane \u00e7al\u0131\u015fanlar\u0131n\u0131n hem de sa\u011fl\u0131k hizmeti almak i\u00e7in gelen vatanda\u015flar\u0131n konuya ili\u015fkin fark\u0131ndal\u0131\u011f\u0131n\u0131n art\u0131r\u0131lmas\u0131 hedeflendi.<\/p>\n<p>Hastane y\u00f6netimi taraf\u0131ndan yap\u0131lan a\u00e7\u0131klamada, \u00f6zellikle soba, \u015fofben ve do\u011falgaz kaynakl\u0131 karbonmonoksit zehirlenmelerinin k\u0131\u015f d\u00f6neminde ciddi risk olu\u015fturdu\u011funa dikkat \u00e7ekilerek, toplumun bu g\u00f6r\u00fcnmez ve \u00f6l\u00fcmc\u00fcl tehlikeye kar\u015f\u0131 bilin\u00e7lendirilmesinin b\u00fcy\u00fck \u00f6nem ta\u015f\u0131d\u0131\u011f\u0131 vurguland\u0131. Y\u00f6netim, halk sa\u011fl\u0131\u011f\u0131n\u0131 koruma amac\u0131yla benzer bilgilendirme faaliyetlerinin y\u0131l boyunca kesintisiz s\u00fcrd\u00fcr\u00fclece\u011fini ifade etti.<br \/><\/p>\n","protected":false},"excerpt":{"rendered":"<p>Mu\u011fla E\u011fitim ve Ara\u015ft\u0131rma Hastanesinde, k\u0131\u015f aylar\u0131nda artan karbonmonoksit zehirlenmelerine dikkat \u00e7ekmek amac\u0131yla kapsaml\u0131 bir fark\u0131ndal\u0131k program\u0131 d\u00fczenlendi. &#8220;Sessiz Tehlike-Karbonmonoksit Zehirlenmesi&#8221; ba\u015fl\u0131\u011f\u0131yla ger\u00e7ekle\u015ftirilen etkinlik, hastane personeli ve vatanda\u015flar taraf\u0131ndan yo\u011fun ilgi g\u00f6rd\u00fc. Hastanenin \u00c7evre ve At\u0131k Y\u00f6netimi Birimi \u00e7al\u0131\u015fanlar\u0131 Aleyna Alper ve Furkan Teber ile E\u011fitim Birimi taraf\u0131ndan ortakla\u015fa y\u00fcr\u00fct\u00fclen \u00e7al\u0131\u015fma kapsam\u0131nda, karbonmonoksit gaz\u0131n\u0131n \u00f6zellikleri,&#8230;<\/p>\n","protected":false},"author":1,"featured_media":72384,"comment_status":"open","ping_status":"open","sticky":false,"template":"","format":"standard","meta":{"_crdt_document":"","footnotes":""},"categories":[2],"tags":[],"class_list":["post-72383","post","type-post","status-publish","format-standard","has-post-thumbnail","hentry","category-saglik"],"_links":{"self":[{"href":"https:\/\/www.egemtv.com\/index.php?rest_route=\/wp\/v2\/posts\/72383","targetHints":{"allow":["GET"]}}],"collection":[{"href":"https:\/\/www.egemtv.com\/index.php?rest_route=\/wp\/v2\/posts"}],"about":[{"href":"https:\/\/www.egemtv.com\/index.php?rest_route=\/wp\/v2\/types\/post"}],"author":[{"embeddable":true,"href":"https:\/\/www.egemtv.com\/index.php?rest_route=\/wp\/v2\/users\/1"}],"replies":[{"embeddable":true,"href":"https:\/\/www.egemtv.com\/index.php?rest_route=%2Fwp%2Fv2%2Fcomments&post=72383"}],"version-history":[{"count":1,"href":"https:\/\/www.egemtv.com\/index.php?rest_route=\/wp\/v2\/posts\/72383\/revisions"}],"predecessor-version":[{"id":72385,"href":"https:\/\/www.egemtv.com\/index.php?rest_route=\/wp\/v2\/posts\/72383\/revisions\/72385"}],"wp:featuredmedia":[{"embeddable":true,"href":"https:\/\/www.egemtv.com\/index.php?rest_route=\/wp\/v2\/media\/72384"}],"wp:attachment":[{"href":"https:\/\/www.egemtv.com\/index.php?rest_route=%2Fwp%2Fv2%2Fmedia&parent=72383"}],"wp:term":[{"taxonomy":"category","embeddable":true,"href":"https:\/\/www.egemtv.com\/index.php?rest_route=%2Fwp%2Fv2%2Fcategories&post=72383"},{"taxonomy":"post_tag","embeddable":true,"href":"https:\/\/www.egemtv.com\/index.php?rest_route=%2Fwp%2Fv2%2Ftags&post=72383"}],"curies":[{"name":"wp","href":"https:\/\/api.w.org\/{rel}","templated":true}]}}