{"id":72380,"date":"2025-12-06T11:15:51","date_gmt":"2025-12-06T08:15:51","guid":{"rendered":"https:\/\/www.egemtv.com\/?p=72380"},"modified":"2025-12-06T11:15:53","modified_gmt":"2025-12-06T08:15:53","slug":"muski-ekipleri-7-24-gorev-basinda","status":"publish","type":"post","link":"https:\/\/www.egemtv.com\/?p=72380","title":{"rendered":"MUSK\u0130 ekipleri 7\/24 g\u00f6rev ba\u015f\u0131nda"},"content":{"rendered":"<p>Meteoroloji Genel M\u00fcd\u00fcrl\u00fc\u011f\u00fc taraf\u0131ndan Mu\u011fla\u2019ya yap\u0131lan sar\u0131 kodlu ya\u011f\u0131\u015f uyar\u0131s\u0131n\u0131n ard\u0131ndan d\u00fcn sabah saatlerinde ba\u015flayan \u015fiddetli sa\u011fanak ya\u011f\u0131\u015f ile t\u0131kanan \u0131zgara ve ya\u011fmur suyu hatlar\u0131 ile dere gibi su ak\u0131\u015f\u0131n\u0131n sa\u011fland\u0131\u011f\u0131 alanlarda Mu\u011fla B\u00fcy\u00fck\u015fehir Belediyesi Su ve Kanalizasyon \u0130daresi (MUSK\u0130) Genel M\u00fcd\u00fcrl\u00fc\u011f\u00fc ekipleri aral\u0131ks\u0131z olarak \u00e7al\u0131\u015fmalar\u0131n\u0131 s\u00fcrd\u00fcr\u00fcyor.<br \/>\n<br \/>MUSK\u0130 Genel M\u00fcd\u00fcrl\u00fc\u011f\u00fcnden yap\u0131lan a\u00e7\u0131klamada, &#8220;Cuma sabah saatlerinden itibaren ilimiz genelinde ba\u015flayan ya\u011f\u0131\u015flar etkisini s\u00fcrd\u00fcrmekte olup, bug\u00fcn de devam etmesi beklenmektedir. Ekiplerimiz, il genelinde t\u0131kanan kanalizasyon, dere a\u011f\u0131zlar\u0131 ve ya\u011fmur suyu hatlar\u0131na m\u00fcdahale ederek su ak\u0131\u015f\u0131n\u0131n sorunsuz olarak sa\u011flanmas\u0131 i\u00e7in \u00e7al\u0131\u015fmalar\u0131n\u0131 s\u00fcrd\u00fcrmektedir. Ayr\u0131ca mazgal, \u0131zgara ve ya\u011fmur suyu hatlar\u0131n\u0131n temizlikleri ile su bask\u0131nlar\u0131n\u0131n \u00f6n\u00fcne ge\u00e7ilmektedir. Sahada vatanda\u015flar\u0131m\u0131z\u0131n can ve mal g\u00fcvenli\u011fi i\u00e7in gerekli t\u00fcm tedbirler al\u0131n\u0131rken, ya\u015fanabilecek olumsuzluklara kar\u015f\u0131 7\/24 MUSK\u0130 ekipleri olarak g\u00f6rev ba\u015f\u0131nday\u0131z. Herhangi bir olumsuzluk durumunda 185 numaral\u0131 \u00e7a\u011fr\u0131 merkezimiz \u00fczerinden bizlere ula\u015fabilirsiniz&#8221; denildi.<br \/><\/p>\n","protected":false},"excerpt":{"rendered":"<p>Meteoroloji Genel M\u00fcd\u00fcrl\u00fc\u011f\u00fc taraf\u0131ndan Mu\u011fla\u2019ya yap\u0131lan sar\u0131 kodlu ya\u011f\u0131\u015f uyar\u0131s\u0131n\u0131n ard\u0131ndan d\u00fcn sabah saatlerinde ba\u015flayan \u015fiddetli sa\u011fanak ya\u011f\u0131\u015f ile t\u0131kanan \u0131zgara ve ya\u011fmur suyu hatlar\u0131 ile dere gibi su ak\u0131\u015f\u0131n\u0131n sa\u011fland\u0131\u011f\u0131 alanlarda Mu\u011fla B\u00fcy\u00fck\u015fehir Belediyesi Su ve Kanalizasyon \u0130daresi (MUSK\u0130) Genel M\u00fcd\u00fcrl\u00fc\u011f\u00fc ekipleri aral\u0131ks\u0131z olarak \u00e7al\u0131\u015fmalar\u0131n\u0131 s\u00fcrd\u00fcr\u00fcyor. MUSK\u0130 Genel M\u00fcd\u00fcrl\u00fc\u011f\u00fcnden yap\u0131lan a\u00e7\u0131klamada, &#8220;Cuma sabah saatlerinden&#8230;<\/p>\n","protected":false},"author":1,"featured_media":72381,"comment_status":"open","ping_status":"open","sticky":false,"template":"","format":"standard","meta":{"_crdt_document":"","footnotes":""},"categories":[1],"tags":[],"class_list":["post-72380","post","type-post","status-publish","format-standard","has-post-thumbnail","hentry","category-guncel"],"_links":{"self":[{"href":"https:\/\/www.egemtv.com\/index.php?rest_route=\/wp\/v2\/posts\/72380","targetHints":{"allow":["GET"]}}],"collection":[{"href":"https:\/\/www.egemtv.com\/index.php?rest_route=\/wp\/v2\/posts"}],"about":[{"href":"https:\/\/www.egemtv.com\/index.php?rest_route=\/wp\/v2\/types\/post"}],"author":[{"embeddable":true,"href":"https:\/\/www.egemtv.com\/index.php?rest_route=\/wp\/v2\/users\/1"}],"replies":[{"embeddable":true,"href":"https:\/\/www.egemtv.com\/index.php?rest_route=%2Fwp%2Fv2%2Fcomments&post=72380"}],"version-history":[{"count":1,"href":"https:\/\/www.egemtv.com\/index.php?rest_route=\/wp\/v2\/posts\/72380\/revisions"}],"predecessor-version":[{"id":72382,"href":"https:\/\/www.egemtv.com\/index.php?rest_route=\/wp\/v2\/posts\/72380\/revisions\/72382"}],"wp:featuredmedia":[{"embeddable":true,"href":"https:\/\/www.egemtv.com\/index.php?rest_route=\/wp\/v2\/media\/72381"}],"wp:attachment":[{"href":"https:\/\/www.egemtv.com\/index.php?rest_route=%2Fwp%2Fv2%2Fmedia&parent=72380"}],"wp:term":[{"taxonomy":"category","embeddable":true,"href":"https:\/\/www.egemtv.com\/index.php?rest_route=%2Fwp%2Fv2%2Fcategories&post=72380"},{"taxonomy":"post_tag","embeddable":true,"href":"https:\/\/www.egemtv.com\/index.php?rest_route=%2Fwp%2Fv2%2Ftags&post=72380"}],"curies":[{"name":"wp","href":"https:\/\/api.w.org\/{rel}","templated":true}]}}