{"id":72377,"date":"2025-12-06T10:55:01","date_gmt":"2025-12-06T07:55:01","guid":{"rendered":"https:\/\/www.egemtv.com\/?p=72377"},"modified":"2025-12-06T10:55:02","modified_gmt":"2025-12-06T07:55:02","slug":"aydinda-yagis-aksam-saatlerine-kadar-surecek","status":"publish","type":"post","link":"https:\/\/www.egemtv.com\/?p=72377","title":{"rendered":"Ayd\u0131n\u2019da ya\u011f\u0131\u015f ak\u015fam saatlerine kadar s\u00fcrecek"},"content":{"rendered":"<p>Ayd\u0131n genelinde aral\u0131kl\u0131 sa\u011fanak ve yer yer g\u00f6k g\u00fcr\u00fclt\u00fcl\u00fc ya\u011f\u0131\u015f beklenirken, ya\u011f\u0131\u015fl\u0131 havan\u0131n gece saatlerine kadar etkisini s\u00fcrd\u00fcrmesi bekleniyor.<br \/>\n<br \/>Meteoroloji 2. B\u00f6lge M\u00fcd\u00fcrl\u00fc\u011f\u00fc\u2019n\u00fcn tahminlerine g\u00f6re Ayd\u0131n\u2019da 6 Aral\u0131k Cumartesi (bug\u00fcn) g\u00fcn\u00fc par\u00e7al\u0131 ve \u00e7ok bulutlu hava etkili olacak. \u0130l genelinde aral\u0131kl\u0131 sa\u011fanak ve yer yer g\u00f6k g\u00fcr\u00fclt\u00fcl\u00fc sa\u011fanak ya\u011f\u0131\u015f beklenirken, ya\u011f\u0131\u015flar\u0131n g\u00fcn boyu devam edece\u011fi bildirildi. Sabah saatlerinden itibaren etkisini g\u00f6steren ya\u011f\u0131\u015fl\u0131 hava, \u00f6\u011fle ve ak\u015fam saatlerinde de aral\u0131klarla s\u00fcrecek. Hava s\u0131cakl\u0131\u011f\u0131 g\u00fcn i\u00e7erisinde 12 ile 16 derece aras\u0131nda de\u011fi\u015firken, ak\u015fam saatlerinde 12 dereceye kadar d\u00fc\u015fmesi bekleniyor. R\u00fczgar\u0131n ise do\u011fu ve kuzeydo\u011fu y\u00f6nlerden zaman zaman kuvvetli, yer yer saatte 30-40 kilometre h\u0131zla esmesi \u00f6ng\u00f6r\u00fcl\u00fcyor.<br \/>\n<br \/>\u00d6te yandan Meteoroloji verilerine g\u00f6re Pazar g\u00fcn\u00fcnden itibaren ya\u011f\u0131\u015fl\u0131 havan\u0131n Ayd\u0131n\u2019\u0131 terk etmesi bekleniyor. 7 Aral\u0131k Pazar g\u00fcn\u00fc par\u00e7al\u0131 yer yer \u00e7ok bulutlu bir hava tahmin edilirken, s\u0131cakl\u0131klar\u0131n 8 ila 18 derece aras\u0131nda seyredece\u011fi bildirildi. Yeni haftada ise az bulutlu ve a\u00e7\u0131k hava etkili olacak, gece ve sabah saatlerinde sis g\u00f6r\u00fclebilece\u011fi belirtildi.<br \/>\n<br \/>Yetkililer, \u00f6zellikle Cumartesi g\u00fcn\u00fc beklenen sa\u011fanak ya\u011f\u0131\u015f ve zaman zaman kuvvetli r\u00fczgara kar\u015f\u0131 vatanda\u015flar\u0131 dikkatli ve tedbirli olmalar\u0131 konusunda uyard\u0131.<br \/><\/p>\n","protected":false},"excerpt":{"rendered":"<p>Ayd\u0131n genelinde aral\u0131kl\u0131 sa\u011fanak ve yer yer g\u00f6k g\u00fcr\u00fclt\u00fcl\u00fc ya\u011f\u0131\u015f beklenirken, ya\u011f\u0131\u015fl\u0131 havan\u0131n gece saatlerine kadar etkisini s\u00fcrd\u00fcrmesi bekleniyor. Meteoroloji 2. B\u00f6lge M\u00fcd\u00fcrl\u00fc\u011f\u00fc\u2019n\u00fcn tahminlerine g\u00f6re Ayd\u0131n\u2019da 6 Aral\u0131k Cumartesi (bug\u00fcn) g\u00fcn\u00fc par\u00e7al\u0131 ve \u00e7ok bulutlu hava etkili olacak. \u0130l genelinde aral\u0131kl\u0131 sa\u011fanak ve yer yer g\u00f6k g\u00fcr\u00fclt\u00fcl\u00fc sa\u011fanak ya\u011f\u0131\u015f beklenirken, ya\u011f\u0131\u015flar\u0131n g\u00fcn boyu devam edece\u011fi&#8230;<\/p>\n","protected":false},"author":1,"featured_media":72378,"comment_status":"open","ping_status":"open","sticky":false,"template":"","format":"standard","meta":{"_crdt_document":"","footnotes":""},"categories":[1],"tags":[],"class_list":["post-72377","post","type-post","status-publish","format-standard","has-post-thumbnail","hentry","category-guncel"],"_links":{"self":[{"href":"https:\/\/www.egemtv.com\/index.php?rest_route=\/wp\/v2\/posts\/72377","targetHints":{"allow":["GET"]}}],"collection":[{"href":"https:\/\/www.egemtv.com\/index.php?rest_route=\/wp\/v2\/posts"}],"about":[{"href":"https:\/\/www.egemtv.com\/index.php?rest_route=\/wp\/v2\/types\/post"}],"author":[{"embeddable":true,"href":"https:\/\/www.egemtv.com\/index.php?rest_route=\/wp\/v2\/users\/1"}],"replies":[{"embeddable":true,"href":"https:\/\/www.egemtv.com\/index.php?rest_route=%2Fwp%2Fv2%2Fcomments&post=72377"}],"version-history":[{"count":1,"href":"https:\/\/www.egemtv.com\/index.php?rest_route=\/wp\/v2\/posts\/72377\/revisions"}],"predecessor-version":[{"id":72379,"href":"https:\/\/www.egemtv.com\/index.php?rest_route=\/wp\/v2\/posts\/72377\/revisions\/72379"}],"wp:featuredmedia":[{"embeddable":true,"href":"https:\/\/www.egemtv.com\/index.php?rest_route=\/wp\/v2\/media\/72378"}],"wp:attachment":[{"href":"https:\/\/www.egemtv.com\/index.php?rest_route=%2Fwp%2Fv2%2Fmedia&parent=72377"}],"wp:term":[{"taxonomy":"category","embeddable":true,"href":"https:\/\/www.egemtv.com\/index.php?rest_route=%2Fwp%2Fv2%2Fcategories&post=72377"},{"taxonomy":"post_tag","embeddable":true,"href":"https:\/\/www.egemtv.com\/index.php?rest_route=%2Fwp%2Fv2%2Ftags&post=72377"}],"curies":[{"name":"wp","href":"https:\/\/api.w.org\/{rel}","templated":true}]}}