{"id":72374,"date":"2025-12-06T10:54:59","date_gmt":"2025-12-06T07:54:59","guid":{"rendered":"https:\/\/www.egemtv.com\/?p=72374"},"modified":"2025-12-06T10:55:00","modified_gmt":"2025-12-06T07:55:00","slug":"didim-belediyesi-ekiplerinden-aninda-mudahale","status":"publish","type":"post","link":"https:\/\/www.egemtv.com\/?p=72374","title":{"rendered":"Didim Belediyesi ekiplerinden an\u0131nda m\u00fcdahale"},"content":{"rendered":"<p>Didim\u2019de etkisini g\u00f6steren yo\u011fun ya\u011f\u0131\u015f\u0131n ard\u0131ndan kent genelinde olu\u015fan su birikintileri ve bask\u0131nlara kar\u015f\u0131 Didim Belediyesi ekipleri harekete ge\u00e7ti. Yetki ve b\u00fct\u00e7e s\u0131n\u0131rlar\u0131 d\u0131\u015f\u0131nda kalan altyap\u0131 eksikliklerinin neden oldu\u011fu olumsuzluklara ra\u011fmen ekipler, t\u00fcm birimlerin koordinasyonuyla yo\u011fun bir \u00e7al\u0131\u015fma y\u00fcr\u00fctt\u00fc.<br \/>\n<br \/>Ya\u011f\u0131\u015f\u0131n ilk anlar\u0131ndan itibaren b\u00f6lgede g\u00f6rev alan belediye ekipleri, ana yol g\u00fczerg\u00e2hlar\u0131nda ya\u015fanan aksamalara m\u00fcdahale ederek trafik ak\u0131\u015f\u0131n\u0131 k\u0131sa s\u00fcrede normale d\u00f6nd\u00fcrd\u00fc. Apartman bo\u015fluklar\u0131nda biriken sular tahliye edilirken, mazgallar ve ya\u011fmur suyu hatlar\u0131nda yap\u0131lan temizlikle t\u0131kan\u0131kl\u0131k riski giderildi.<br \/>\n<br \/>Ba\u015fkan Hatice Gen\u00e7ay, etkilenen b\u00f6lgelerde halkla bir araya gelerek sorunlar\u0131 yerinde inceledi. Tahliye ve temizlik \u00e7al\u0131\u015fmalar\u0131n\u0131 takip eden Ba\u015fkan, ekiplerden s\u00fcrece ili\u015fkin bilgi ald\u0131. Ba\u015fkan, il\u00e7ede ya\u011fmur suyu hatlar\u0131 ve altyap\u0131 \u00e7al\u0131\u015fmalar\u0131 konusunda belediyenin yetkisinin bulunmad\u0131\u011f\u0131n\u0131 hat\u0131rlatarak, &#8220;Halk\u0131m\u0131z\u0131n ya\u015fad\u0131\u011f\u0131 s\u0131k\u0131nt\u0131lar\u0131 yak\u0131ndan takip ediyor ve mevcut imk\u00e2nlar\u0131m\u0131zla destek sa\u011flamaya devam ediyoruz&#8221; dedi.<br \/>\n<br \/>Belediye ekipleri 7\/24 g\u00f6rev ba\u015f\u0131nda bulunuyor ve su bask\u0131n\u0131 ihbarlar\u0131na an\u0131nda m\u00fcdahale edildi\u011fini s\u00f6yleyen Ba\u015fkan, halk\u0131n yan\u0131nda olmaya devam edeceklerini vurgulad\u0131. Didim halk\u0131 hi\u00e7bir zaman yaln\u0131z de\u011fildir. Ba\u015fkan sahada ekiplerle birlikte halk\u0131n yan\u0131nda bulunuyor ve sorunlar\u0131n hep birlikte a\u015f\u0131laca\u011f\u0131n\u0131 ifade etti.<br \/><\/p>\n","protected":false},"excerpt":{"rendered":"<p>Didim\u2019de etkisini g\u00f6steren yo\u011fun ya\u011f\u0131\u015f\u0131n ard\u0131ndan kent genelinde olu\u015fan su birikintileri ve bask\u0131nlara kar\u015f\u0131 Didim Belediyesi ekipleri harekete ge\u00e7ti. Yetki ve b\u00fct\u00e7e s\u0131n\u0131rlar\u0131 d\u0131\u015f\u0131nda kalan altyap\u0131 eksikliklerinin neden oldu\u011fu olumsuzluklara ra\u011fmen ekipler, t\u00fcm birimlerin koordinasyonuyla yo\u011fun bir \u00e7al\u0131\u015fma y\u00fcr\u00fctt\u00fc. Ya\u011f\u0131\u015f\u0131n ilk anlar\u0131ndan itibaren b\u00f6lgede g\u00f6rev alan belediye ekipleri, ana yol g\u00fczerg\u00e2hlar\u0131nda ya\u015fanan aksamalara m\u00fcdahale ederek&#8230;<\/p>\n","protected":false},"author":1,"featured_media":72375,"comment_status":"open","ping_status":"open","sticky":false,"template":"","format":"standard","meta":{"_crdt_document":"","footnotes":""},"categories":[1],"tags":[],"class_list":["post-72374","post","type-post","status-publish","format-standard","has-post-thumbnail","hentry","category-guncel"],"_links":{"self":[{"href":"https:\/\/www.egemtv.com\/index.php?rest_route=\/wp\/v2\/posts\/72374","targetHints":{"allow":["GET"]}}],"collection":[{"href":"https:\/\/www.egemtv.com\/index.php?rest_route=\/wp\/v2\/posts"}],"about":[{"href":"https:\/\/www.egemtv.com\/index.php?rest_route=\/wp\/v2\/types\/post"}],"author":[{"embeddable":true,"href":"https:\/\/www.egemtv.com\/index.php?rest_route=\/wp\/v2\/users\/1"}],"replies":[{"embeddable":true,"href":"https:\/\/www.egemtv.com\/index.php?rest_route=%2Fwp%2Fv2%2Fcomments&post=72374"}],"version-history":[{"count":1,"href":"https:\/\/www.egemtv.com\/index.php?rest_route=\/wp\/v2\/posts\/72374\/revisions"}],"predecessor-version":[{"id":72376,"href":"https:\/\/www.egemtv.com\/index.php?rest_route=\/wp\/v2\/posts\/72374\/revisions\/72376"}],"wp:featuredmedia":[{"embeddable":true,"href":"https:\/\/www.egemtv.com\/index.php?rest_route=\/wp\/v2\/media\/72375"}],"wp:attachment":[{"href":"https:\/\/www.egemtv.com\/index.php?rest_route=%2Fwp%2Fv2%2Fmedia&parent=72374"}],"wp:term":[{"taxonomy":"category","embeddable":true,"href":"https:\/\/www.egemtv.com\/index.php?rest_route=%2Fwp%2Fv2%2Fcategories&post=72374"},{"taxonomy":"post_tag","embeddable":true,"href":"https:\/\/www.egemtv.com\/index.php?rest_route=%2Fwp%2Fv2%2Ftags&post=72374"}],"curies":[{"name":"wp","href":"https:\/\/api.w.org\/{rel}","templated":true}]}}