{"id":72371,"date":"2025-12-06T10:14:42","date_gmt":"2025-12-06T07:14:42","guid":{"rendered":"https:\/\/www.egemtv.com\/?p=72371"},"modified":"2025-12-06T10:14:43","modified_gmt":"2025-12-06T07:14:43","slug":"iki-tir-ve-otomobilin-carpistigi-kazada-bir-kisi-yaralandi","status":"publish","type":"post","link":"https:\/\/www.egemtv.com\/?p=72371","title":{"rendered":"\u0130ki t\u0131r ve otomobilin \u00e7arp\u0131\u015ft\u0131\u011f\u0131 kazada bir ki\u015fi yaraland\u0131"},"content":{"rendered":"<p>Afyonkarahisar\u2019da iki t\u0131r bir otomobilin kar\u0131\u015ft\u0131\u011f\u0131 trafik kazas\u0131nda faciadan d\u00f6n\u00fcl\u00fcrken kazada \u015fans eseri bir ki\u015fi yaraland\u0131.<br \/>\n<br \/>Kaza, Bolvadin il\u00e7esi Kemerkaya beldesi yak\u0131nlar\u0131nda meydana geldi. Edinilen bilgilere g\u00f6re, \u0130.K., idaresindeki 61 ADA 400 plakal\u0131 t\u0131r hen\u00fcz belirlenemeyen bir sebepten \u00f6t\u00fcr\u00fc M.K., y\u00f6netimindeki 06 EKB 693 plakal\u0131 t\u0131r ile \u00e7arp\u0131\u015ft\u0131. Arkadan gelen N.\u015e., ise kulland\u0131\u011f\u0131 06 NS 998 plakal\u0131 otomobil ile t\u0131rlara \u00e7arpt\u0131. Kazada otomobil s\u00fcr\u00fcc\u00fcs\u00fc yaralan\u0131rken ard\u0131ndan \u00e7evredekilerin haber vermesi \u00fczerine olay yerine gelen ambulansla hastaneye kald\u0131r\u0131ld\u0131.<br \/>\n<br \/>Kazan\u0131n ard\u0131ndan jandarma taraf\u0131ndan inceleme ba\u015flat\u0131ld\u0131.<br \/><\/p>\n","protected":false},"excerpt":{"rendered":"<p>Afyonkarahisar\u2019da iki t\u0131r bir otomobilin kar\u0131\u015ft\u0131\u011f\u0131 trafik kazas\u0131nda faciadan d\u00f6n\u00fcl\u00fcrken kazada \u015fans eseri bir ki\u015fi yaraland\u0131. Kaza, Bolvadin il\u00e7esi Kemerkaya beldesi yak\u0131nlar\u0131nda meydana geldi. Edinilen bilgilere g\u00f6re, \u0130.K., idaresindeki 61 ADA 400 plakal\u0131 t\u0131r hen\u00fcz belirlenemeyen bir sebepten \u00f6t\u00fcr\u00fc M.K., y\u00f6netimindeki 06 EKB 693 plakal\u0131 t\u0131r ile \u00e7arp\u0131\u015ft\u0131. Arkadan gelen N.\u015e., ise kulland\u0131\u011f\u0131 06 NS&#8230;<\/p>\n","protected":false},"author":1,"featured_media":72372,"comment_status":"open","ping_status":"open","sticky":false,"template":"","format":"standard","meta":{"_crdt_document":"","footnotes":""},"categories":[5],"tags":[],"class_list":["post-72371","post","type-post","status-publish","format-standard","has-post-thumbnail","hentry","category-asayis"],"_links":{"self":[{"href":"https:\/\/www.egemtv.com\/index.php?rest_route=\/wp\/v2\/posts\/72371","targetHints":{"allow":["GET"]}}],"collection":[{"href":"https:\/\/www.egemtv.com\/index.php?rest_route=\/wp\/v2\/posts"}],"about":[{"href":"https:\/\/www.egemtv.com\/index.php?rest_route=\/wp\/v2\/types\/post"}],"author":[{"embeddable":true,"href":"https:\/\/www.egemtv.com\/index.php?rest_route=\/wp\/v2\/users\/1"}],"replies":[{"embeddable":true,"href":"https:\/\/www.egemtv.com\/index.php?rest_route=%2Fwp%2Fv2%2Fcomments&post=72371"}],"version-history":[{"count":1,"href":"https:\/\/www.egemtv.com\/index.php?rest_route=\/wp\/v2\/posts\/72371\/revisions"}],"predecessor-version":[{"id":72373,"href":"https:\/\/www.egemtv.com\/index.php?rest_route=\/wp\/v2\/posts\/72371\/revisions\/72373"}],"wp:featuredmedia":[{"embeddable":true,"href":"https:\/\/www.egemtv.com\/index.php?rest_route=\/wp\/v2\/media\/72372"}],"wp:attachment":[{"href":"https:\/\/www.egemtv.com\/index.php?rest_route=%2Fwp%2Fv2%2Fmedia&parent=72371"}],"wp:term":[{"taxonomy":"category","embeddable":true,"href":"https:\/\/www.egemtv.com\/index.php?rest_route=%2Fwp%2Fv2%2Fcategories&post=72371"},{"taxonomy":"post_tag","embeddable":true,"href":"https:\/\/www.egemtv.com\/index.php?rest_route=%2Fwp%2Fv2%2Ftags&post=72371"}],"curies":[{"name":"wp","href":"https:\/\/api.w.org\/{rel}","templated":true}]}}