{"id":72368,"date":"2025-12-06T10:14:41","date_gmt":"2025-12-06T07:14:41","guid":{"rendered":"https:\/\/www.egemtv.com\/?p=72368"},"modified":"2025-12-06T10:14:42","modified_gmt":"2025-12-06T07:14:42","slug":"kutahya-il-milli-egitim-mudurlugunden-veli-bulusmalari-programi","status":"publish","type":"post","link":"https:\/\/www.egemtv.com\/?p=72368","title":{"rendered":"K\u00fctahya \u0130l Milli E\u011fitim M\u00fcd\u00fcrl\u00fc\u011f\u00fcnden &#8220;Veli Bulu\u015fmalar\u0131&#8221; program\u0131"},"content":{"rendered":"<p>K\u00fctahya \u0130l Milli E\u011fitim M\u00fcd\u00fcrl\u00fc\u011f\u00fc koordinesinde y\u00fcr\u00fct\u00fclen &#8220;Veli Bulu\u015fmalar\u0131&#8221; program\u0131n\u0131n d\u00f6rd\u00fcnc\u00fcs\u00fc ger\u00e7ekle\u015ftirildi.<br \/>\n<br \/>K\u00fctahya Ticaret ve Sanayi Odas\u0131 Mesleki ve Teknik Anadolu Lisesi ile TOBB K\u00fctahya OSB Mesleki ve Teknik Anadolu Lisesi velilerinin kat\u0131l\u0131m\u0131yla Beylerbeyi Konferans Salonundaki programa \u0130l milli e\u011fitim m\u00fcd\u00fcr yard\u0131mc\u0131lar\u0131, \u015fube m\u00fcd\u00fcrleri, okul idarecileri, \u00f6\u011fretmenler ve veliler kat\u0131ld\u0131.<br \/>\n<br \/>Toplant\u0131n\u0131n a\u00e7\u0131l\u0131\u015f b\u00f6l\u00fcm\u00fcnde, \u00f6\u011frencilerin akademik, sosyal ve k\u00fclt\u00fcrel geli\u015fiminde ailelerin aktif rol\u00fcn\u00fcn \u00f6nemi vurguland\u0131. \u0130l Milli E\u011fitim M\u00fcd\u00fcrl\u00fc\u011f\u00fc taraf\u0131ndan y\u00fcr\u00fct\u00fclen \u00e7al\u0131\u015fmalarda, velilerin g\u00f6r\u00fc\u015f ve \u00f6nerilerinin e\u011fitim s\u00fcre\u00e7lerine de\u011ferli katk\u0131lar sundu\u011fu ifade edildi.<br \/>\n<br \/>Programda velilere hitap eden \u0130l Milli E\u011fitim M\u00fcd\u00fcr\u00fc Mustafa Y\u0131lmaz, dijital d\u00fcnyan\u0131n olu\u015fturdu\u011fu risklere, aile ortam\u0131n\u0131n \u00e7ocuklar\u0131n karakter geli\u015fimindeki belirleyici rol\u00fcne ve de\u011fer temelli e\u011fitimin \u00f6nemine dikkat \u00e7ekti.<br \/>\n<br \/>Konu\u015fmas\u0131nda toplumun gelece\u011fini \u015fekillendirecek nesillerin yeti\u015fmesinde ebeveynlere b\u00fcy\u00fck sorumluluk d\u00fc\u015ft\u00fc\u011f\u00fcn\u00fc belirten \u0130l Mill\u00ee E\u011fitim M\u00fcd\u00fcr\u00fc Mustafa Y\u0131lmaz,&#8221; \u00c7ocuklar\u0131m\u0131z\u0131 ekranlardaki sahte kahramanlardan, g\u00fcn\u00fcbirlik artistlerden ve ahlaki \u00e7\u00f6k\u00fc\u015f\u00fcn simgesi haline gelmi\u015f s\u00f6zde fenomenlerden uzakla\u015ft\u0131rarak onlar\u0131 huzurlu aile ocaklar\u0131na, g\u00fcven veren okullara ve de\u011ferlerimizi ya\u015fayabilecekleri \u015fehirlere hep birlikte kavu\u015ftural\u0131m. \u00c7ocuklar\u0131m\u0131z\u0131 Anavatan\u0131na, yani anne y\u00fcre\u011fine ve baba vakar\u0131na geri d\u00f6nd\u00fcrece\u011fiz&#8221; dedi.<\/p>\n<p>&#8220;G\u00f6n\u00fcl terbiyesi \u00f6nemli&#8221;<br \/>\n<br \/>Programda yapt\u0131\u011f\u0131 konu\u015fmada g\u00f6n\u00fcl terbiyesinin \u00f6nemini vurgu yapan M\u00fcd\u00fcr Mustafa Y\u0131lmaz, &#8220;G\u00f6n\u00fcl terbiyesi olmazsa ak\u0131l savrulur, nizam bozulur, birlik da\u011f\u0131l\u0131r. Zaman\u0131, akl\u0131 ve g\u00f6nl\u00fc bo\u015f b\u0131rakamay\u0131z. Her bir \u00e7ocu\u011fumuzun y\u00fcr\u00fcd\u00fc\u011f\u00fc yolun do\u011frulu\u011funu, k\u0131blesinin belirginli\u011fini ve hedefinin sa\u011flaml\u0131\u011f\u0131n\u0131 ailelerimizle birlikte takip etmek zorunday\u0131z&#8221; ifadelerine yer verdi.<br \/>\n<br \/>\u00c7ocuklar\u0131n sadece bilgiyle de\u011fil, ahlak, edep, sorumluluk ve aidiyet \u015fuuru ile yeti\u015ftirilmesi gerekti\u011fine dikkat \u00e7eken M\u00fcd\u00fcr Y\u0131lmaz, ailelerin \u00e7ocuklar\u0131yla isti\u015fare i\u00e7inde olmalar\u0131n\u0131n onlar\u0131n ara\u015ft\u0131ran, d\u00fc\u015f\u00fcnen, kendisini de\u011ferli hisseden bireyler olarak yeti\u015fmelerinde kritik bir etkisi oldu\u011funu ifade etti.<\/p>\n<p>&#8220;Ahlakl\u0131 ve donan\u0131ml\u0131 bir nesil yeti\u015ftirmek en temel gayemizdir&#8221;<br \/>\n<br \/>Konu\u015fmas\u0131nda toplumsal de\u011ferlerin gelecek ku\u015faklara aktar\u0131lmas\u0131 konusundaki kararl\u0131l\u0131\u011f\u0131n\u0131 dile getiren Y\u0131lmaz, hedeflenen gen\u00e7lik profilini \u015fu s\u00f6zlerle tan\u0131mlad\u0131,&#8221; Amac\u0131m\u0131z, ilimde, fende, teknolojide yeti\u015fmi\u015f, aln\u0131 secdede, milletine sayg\u0131l\u0131, vatan\u0131na a\u015fkla ba\u011fl\u0131; nereden geldi\u011fini ve nereye gidece\u011fini bilen, fedakar, cefakar, e\u011fitimli, donan\u0131ml\u0131, d\u00fcr\u00fcst ve ahlakl\u0131 gen\u00e7ler yeti\u015ftirmektir. Bu hedefe ailelerimizle omuz omuza \u00e7al\u0131\u015farak ula\u015faca\u011f\u0131z&#8221; dedi.<br \/>\n<br \/>Program\u0131n sonunda, velilerin e\u011fitim s\u00fcre\u00e7lerine ili\u015fkin g\u00f6r\u00fc\u015f ve de\u011ferlendirmeleri al\u0131narak kar\u015f\u0131l\u0131kl\u0131 isti\u015fare ger\u00e7ekle\u015ftirildi. Veliler, bu bulu\u015fmalar\u0131n aile-okul ileti\u015fimini g\u00fc\u00e7lendirdi\u011fini, \u00e7ocuklar\u0131n geli\u015fimi ad\u0131na \u00f6nemli bir rehberlik sundu\u011funu ifade ettiler.<br \/>\n<br \/>Veli bulu\u015fmas\u0131 program\u0131, e\u011fitimde birlik, i\u015f birli\u011fi ve ortak sorumluluk anlay\u0131\u015f\u0131n\u0131 peki\u015ftiren verimli bir atmosferde tamamland\u0131.<br \/><\/p>\n","protected":false},"excerpt":{"rendered":"<p>K\u00fctahya \u0130l Milli E\u011fitim M\u00fcd\u00fcrl\u00fc\u011f\u00fc koordinesinde y\u00fcr\u00fct\u00fclen &#8220;Veli Bulu\u015fmalar\u0131&#8221; program\u0131n\u0131n d\u00f6rd\u00fcnc\u00fcs\u00fc ger\u00e7ekle\u015ftirildi. K\u00fctahya Ticaret ve Sanayi Odas\u0131 Mesleki ve Teknik Anadolu Lisesi ile TOBB K\u00fctahya OSB Mesleki ve Teknik Anadolu Lisesi velilerinin kat\u0131l\u0131m\u0131yla Beylerbeyi Konferans Salonundaki programa \u0130l milli e\u011fitim m\u00fcd\u00fcr yard\u0131mc\u0131lar\u0131, \u015fube m\u00fcd\u00fcrleri, okul idarecileri, \u00f6\u011fretmenler ve veliler kat\u0131ld\u0131. Toplant\u0131n\u0131n a\u00e7\u0131l\u0131\u015f b\u00f6l\u00fcm\u00fcnde, \u00f6\u011frencilerin akademik,&#8230;<\/p>\n","protected":false},"author":1,"featured_media":72369,"comment_status":"open","ping_status":"open","sticky":false,"template":"","format":"standard","meta":{"_crdt_document":"","footnotes":""},"categories":[1],"tags":[],"class_list":["post-72368","post","type-post","status-publish","format-standard","has-post-thumbnail","hentry","category-guncel"],"_links":{"self":[{"href":"https:\/\/www.egemtv.com\/index.php?rest_route=\/wp\/v2\/posts\/72368","targetHints":{"allow":["GET"]}}],"collection":[{"href":"https:\/\/www.egemtv.com\/index.php?rest_route=\/wp\/v2\/posts"}],"about":[{"href":"https:\/\/www.egemtv.com\/index.php?rest_route=\/wp\/v2\/types\/post"}],"author":[{"embeddable":true,"href":"https:\/\/www.egemtv.com\/index.php?rest_route=\/wp\/v2\/users\/1"}],"replies":[{"embeddable":true,"href":"https:\/\/www.egemtv.com\/index.php?rest_route=%2Fwp%2Fv2%2Fcomments&post=72368"}],"version-history":[{"count":1,"href":"https:\/\/www.egemtv.com\/index.php?rest_route=\/wp\/v2\/posts\/72368\/revisions"}],"predecessor-version":[{"id":72370,"href":"https:\/\/www.egemtv.com\/index.php?rest_route=\/wp\/v2\/posts\/72368\/revisions\/72370"}],"wp:featuredmedia":[{"embeddable":true,"href":"https:\/\/www.egemtv.com\/index.php?rest_route=\/wp\/v2\/media\/72369"}],"wp:attachment":[{"href":"https:\/\/www.egemtv.com\/index.php?rest_route=%2Fwp%2Fv2%2Fmedia&parent=72368"}],"wp:term":[{"taxonomy":"category","embeddable":true,"href":"https:\/\/www.egemtv.com\/index.php?rest_route=%2Fwp%2Fv2%2Fcategories&post=72368"},{"taxonomy":"post_tag","embeddable":true,"href":"https:\/\/www.egemtv.com\/index.php?rest_route=%2Fwp%2Fv2%2Ftags&post=72368"}],"curies":[{"name":"wp","href":"https:\/\/api.w.org\/{rel}","templated":true}]}}