{"id":72365,"date":"2025-12-06T10:14:40","date_gmt":"2025-12-06T07:14:40","guid":{"rendered":"https:\/\/www.egemtv.com\/?p=72365"},"modified":"2025-12-06T10:14:41","modified_gmt":"2025-12-06T07:14:41","slug":"vali-musa-isin-afad-insan-hayatinin-en-kritik-anlarinda-milletin-yaninda-yer-alan-bir-kurum","status":"publish","type":"post","link":"https:\/\/www.egemtv.com\/?p=72365","title":{"rendered":"Vali Musa I\u015f\u0131n: &#8220;AFAD, insan hayat\u0131n\u0131n en kritik anlar\u0131nda milletin yan\u0131nda yer alan bir kurum&#8221;"},"content":{"rendered":"<p>Vali Musa I\u015f\u0131n, &#8220;K\u00fctahya\u2019m\u0131z deprem b\u00f6lgesinde yer alan bir il. Bu nedenle daha dikkatli ve tedbirli olmam\u0131z gerekiyor&#8221; dedi.<br \/>\n<br \/>K\u00fctahya \u0130l Afet ve Acil Durum M\u00fcd\u00fcr\u00fc \u0130smail \u00d6zkan, Destek AFAD g\u00f6n\u00fcll\u00fcleri ve AFAD personeliyle birlikte K\u00fctahya Valisi Musa I\u015f\u0131n\u2019\u0131 makam\u0131nda ziyaret etti.<br \/>\n<br \/>Ziyarette, \u0130l M\u00fcd\u00fcr\u00fc \u0130smail \u00d6zkan, AFAD Ba\u015fkanl\u0131\u011f\u0131 koordinasyonunda y\u00fcr\u00fct\u00fclen g\u00f6n\u00fcll\u00fc \u00e7al\u0131\u015fmalar hakk\u0131nda bilgi verdi. E\u011fitim, faaliyet ve g\u00f6rev s\u00fcre\u00e7lerinde g\u00f6n\u00fcll\u00fclerin kapasitelerini art\u0131rmak i\u00e7in yo\u011fun \u00e7aba sarf ettiklerini belirten \u00d6zkan, fedak\u00e2rl\u0131klar\u0131 ve \u00f6zverileri nedeniyle t\u00fcm g\u00f6n\u00fcll\u00fclere te\u015fekk\u00fcr etti.<br \/>\n<br \/>Vali Musa I\u015f\u0131n, g\u00f6n\u00fcll\u00fclerin toplum ad\u0131na \u00fcstlendikleri sorumlulu\u011fun b\u00fcy\u00fck bir anlam ta\u015f\u0131d\u0131\u011f\u0131n\u0131 ifade ederek AFAD ailesine te\u015fekk\u00fcr etti. AFAD\u2019\u0131n insan hayat\u0131n\u0131n en kritik anlar\u0131nda milletin yan\u0131nda yer alan bir kurum oldu\u011funu vurgulayan Vali I\u015f\u0131n, g\u00f6n\u00fcl esas\u0131yla yap\u0131lan bu hizmetin \u00f6nemine dikkat \u00e7ekti.<br \/>\n<br \/>K\u00fctahya\u2019da 12 bini a\u015fk\u0131n AFAD g\u00f6n\u00fcll\u00fcs\u00fc bulundu\u011funu belirten Vali I\u015f\u0131n, ilin deprem b\u00f6lgesinde yer almas\u0131na de\u011finerek haz\u0131rl\u0131k \u00e7al\u0131\u015fmalar\u0131n\u0131n kritik \u00f6nem ta\u015f\u0131d\u0131\u011f\u0131n\u0131 s\u00f6yledi.  Vali I\u015f\u0131n, &#8220;K\u00fctahya\u2019m\u0131z deprem b\u00f6lgesinde yer alan bir il. Bu nedenle daha dikkatli ve tedbirli olmam\u0131z gerekiyor. \u0130l M\u00fcd\u00fcrl\u00fc\u011f\u00fcm\u00fcz ve ekiplerimiz, sizlerin deste\u011fiyle h\u0131zl\u0131, etkin ve teknik a\u00e7\u0131dan g\u00fc\u00e7l\u00fc \u00e7al\u0131\u015fmalar y\u00fcr\u00fctmektedir. \u0130n\u015fallah g\u00f6n\u00fcll\u00fclerimizin katk\u0131s\u0131yla daha da g\u00fc\u00e7lenece\u011fiz&#8221; dedi.<br \/>\n<br \/>Devlet-millet dayan\u0131\u015fmas\u0131n\u0131n afetlerle m\u00fccadelede belirleyici oldu\u011funu vurgulayan Vali I\u015f\u0131n, &#8220;Milletimize, kom\u015fumuza, zorda olana sahip \u00e7\u0131kaca\u011f\u0131z. Bug\u00fcn biz yard\u0131m ederiz, yar\u0131n belki bizim yard\u0131m\u0131m\u0131za ko\u015fanlar olacakt\u0131r. Allah hepimizi afetlerden korusun. Hepinize \u015f\u00fckranlar\u0131m\u0131 sunuyorum. \u0130yi ki vars\u0131n\u0131z&#8221; diye konu\u015ftu.<br \/><\/p>\n","protected":false},"excerpt":{"rendered":"<p>Vali Musa I\u015f\u0131n, &#8220;K\u00fctahya\u2019m\u0131z deprem b\u00f6lgesinde yer alan bir il. Bu nedenle daha dikkatli ve tedbirli olmam\u0131z gerekiyor&#8221; dedi. K\u00fctahya \u0130l Afet ve Acil Durum M\u00fcd\u00fcr\u00fc \u0130smail \u00d6zkan, Destek AFAD g\u00f6n\u00fcll\u00fcleri ve AFAD personeliyle birlikte K\u00fctahya Valisi Musa I\u015f\u0131n\u2019\u0131 makam\u0131nda ziyaret etti. Ziyarette, \u0130l M\u00fcd\u00fcr\u00fc \u0130smail \u00d6zkan, AFAD Ba\u015fkanl\u0131\u011f\u0131 koordinasyonunda y\u00fcr\u00fct\u00fclen g\u00f6n\u00fcll\u00fc \u00e7al\u0131\u015fmalar hakk\u0131nda bilgi&#8230;<\/p>\n","protected":false},"author":1,"featured_media":72366,"comment_status":"open","ping_status":"open","sticky":false,"template":"","format":"standard","meta":{"_crdt_document":"","footnotes":""},"categories":[123],"tags":[],"class_list":["post-72365","post","type-post","status-publish","format-standard","has-post-thumbnail","hentry","category-gundem"],"_links":{"self":[{"href":"https:\/\/www.egemtv.com\/index.php?rest_route=\/wp\/v2\/posts\/72365","targetHints":{"allow":["GET"]}}],"collection":[{"href":"https:\/\/www.egemtv.com\/index.php?rest_route=\/wp\/v2\/posts"}],"about":[{"href":"https:\/\/www.egemtv.com\/index.php?rest_route=\/wp\/v2\/types\/post"}],"author":[{"embeddable":true,"href":"https:\/\/www.egemtv.com\/index.php?rest_route=\/wp\/v2\/users\/1"}],"replies":[{"embeddable":true,"href":"https:\/\/www.egemtv.com\/index.php?rest_route=%2Fwp%2Fv2%2Fcomments&post=72365"}],"version-history":[{"count":1,"href":"https:\/\/www.egemtv.com\/index.php?rest_route=\/wp\/v2\/posts\/72365\/revisions"}],"predecessor-version":[{"id":72367,"href":"https:\/\/www.egemtv.com\/index.php?rest_route=\/wp\/v2\/posts\/72365\/revisions\/72367"}],"wp:featuredmedia":[{"embeddable":true,"href":"https:\/\/www.egemtv.com\/index.php?rest_route=\/wp\/v2\/media\/72366"}],"wp:attachment":[{"href":"https:\/\/www.egemtv.com\/index.php?rest_route=%2Fwp%2Fv2%2Fmedia&parent=72365"}],"wp:term":[{"taxonomy":"category","embeddable":true,"href":"https:\/\/www.egemtv.com\/index.php?rest_route=%2Fwp%2Fv2%2Fcategories&post=72365"},{"taxonomy":"post_tag","embeddable":true,"href":"https:\/\/www.egemtv.com\/index.php?rest_route=%2Fwp%2Fv2%2Ftags&post=72365"}],"curies":[{"name":"wp","href":"https:\/\/api.w.org\/{rel}","templated":true}]}}