{"id":72362,"date":"2025-12-06T10:14:39","date_gmt":"2025-12-06T07:14:39","guid":{"rendered":"https:\/\/www.egemtv.com\/?p=72362"},"modified":"2025-12-06T10:14:40","modified_gmt":"2025-12-06T07:14:40","slug":"kutahya-il-emniyet-muduru-elbir-ozel-ogrencilerle-bir-araya-geldi","status":"publish","type":"post","link":"https:\/\/www.egemtv.com\/?p=72362","title":{"rendered":"K\u00fctahya \u0130l Emniyet M\u00fcd\u00fcr\u00fc Elbir, \u00f6zel \u00f6\u011frencilerle bir araya geldi"},"content":{"rendered":"<p>K\u00fctahya \u0130l Emniyet M\u00fcd\u00fcr\u00fc Osman Elbir, Yavuz Sultan Selim \u00d6zel E\u011fitim Uygulama Okulunun \u00f6\u011fretmenlerini ve \u00f6zel \u00f6\u011frencileri makam\u0131nda a\u011f\u0131rlad\u0131.<br \/>\n<br \/>\u00d6zel \u00f6\u011frencilerle yak\u0131ndan ilgilenen M\u00fcd\u00fcr Elbir, \u00d6zel E\u011fitim Uygulama Okulu \u00d6\u011fretmenlerinin fedakarl\u0131k ve emeklerinin \u00e7ok k\u0131ymetli oldu\u011funu ve emniyet te\u015fkilat\u0131 olarak bir g\u00fcn de\u011fil her daim yanlar\u0131nda olduklar\u0131n\u0131 ifade etti.<br \/>\n<br \/>\u00c7ocuklar\u0131n \u00f6zel kalplerindeki heyecan ve sevgilerini hissettirmelerinin kendilerini ziyadesiyle mutlu etti\u011fini s\u00f6yleyen Elbir,  anlaml\u0131 ziyaretleri i\u00e7in \u00f6zel misafirlerine te\u015fekk\u00fcr etti.<br \/><\/p>\n","protected":false},"excerpt":{"rendered":"<p>K\u00fctahya \u0130l Emniyet M\u00fcd\u00fcr\u00fc Osman Elbir, Yavuz Sultan Selim \u00d6zel E\u011fitim Uygulama Okulunun \u00f6\u011fretmenlerini ve \u00f6zel \u00f6\u011frencileri makam\u0131nda a\u011f\u0131rlad\u0131. \u00d6zel \u00f6\u011frencilerle yak\u0131ndan ilgilenen M\u00fcd\u00fcr Elbir, \u00d6zel E\u011fitim Uygulama Okulu \u00d6\u011fretmenlerinin fedakarl\u0131k ve emeklerinin \u00e7ok k\u0131ymetli oldu\u011funu ve emniyet te\u015fkilat\u0131 olarak bir g\u00fcn de\u011fil her daim yanlar\u0131nda olduklar\u0131n\u0131 ifade etti. \u00c7ocuklar\u0131n \u00f6zel kalplerindeki heyecan ve sevgilerini&#8230;<\/p>\n","protected":false},"author":1,"featured_media":72363,"comment_status":"open","ping_status":"open","sticky":false,"template":"","format":"standard","meta":{"_crdt_document":"","footnotes":""},"categories":[123],"tags":[],"class_list":["post-72362","post","type-post","status-publish","format-standard","has-post-thumbnail","hentry","category-gundem"],"_links":{"self":[{"href":"https:\/\/www.egemtv.com\/index.php?rest_route=\/wp\/v2\/posts\/72362","targetHints":{"allow":["GET"]}}],"collection":[{"href":"https:\/\/www.egemtv.com\/index.php?rest_route=\/wp\/v2\/posts"}],"about":[{"href":"https:\/\/www.egemtv.com\/index.php?rest_route=\/wp\/v2\/types\/post"}],"author":[{"embeddable":true,"href":"https:\/\/www.egemtv.com\/index.php?rest_route=\/wp\/v2\/users\/1"}],"replies":[{"embeddable":true,"href":"https:\/\/www.egemtv.com\/index.php?rest_route=%2Fwp%2Fv2%2Fcomments&post=72362"}],"version-history":[{"count":1,"href":"https:\/\/www.egemtv.com\/index.php?rest_route=\/wp\/v2\/posts\/72362\/revisions"}],"predecessor-version":[{"id":72364,"href":"https:\/\/www.egemtv.com\/index.php?rest_route=\/wp\/v2\/posts\/72362\/revisions\/72364"}],"wp:featuredmedia":[{"embeddable":true,"href":"https:\/\/www.egemtv.com\/index.php?rest_route=\/wp\/v2\/media\/72363"}],"wp:attachment":[{"href":"https:\/\/www.egemtv.com\/index.php?rest_route=%2Fwp%2Fv2%2Fmedia&parent=72362"}],"wp:term":[{"taxonomy":"category","embeddable":true,"href":"https:\/\/www.egemtv.com\/index.php?rest_route=%2Fwp%2Fv2%2Fcategories&post=72362"},{"taxonomy":"post_tag","embeddable":true,"href":"https:\/\/www.egemtv.com\/index.php?rest_route=%2Fwp%2Fv2%2Ftags&post=72362"}],"curies":[{"name":"wp","href":"https:\/\/api.w.org\/{rel}","templated":true}]}}