{"id":72359,"date":"2025-12-06T09:54:36","date_gmt":"2025-12-06T06:54:36","guid":{"rendered":"https:\/\/www.egemtv.com\/?p=72359"},"modified":"2025-12-06T09:54:37","modified_gmt":"2025-12-06T06:54:37","slug":"aydinin-2024-tuik-verileri-aciklandi","status":"publish","type":"post","link":"https:\/\/www.egemtv.com\/?p=72359","title":{"rendered":"Ayd\u0131n\u2019\u0131n 2024 T\u00dc\u0130K verileri a\u00e7\u0131kland\u0131"},"content":{"rendered":"<p>T\u00dc\u0130K 2024 verilerine g\u00f6re Ayd\u0131n\u2019da n\u00fcfus artarken ihracat, tar\u0131m alan\u0131 ve ara\u00e7 say\u0131s\u0131 b\u00f6lge genelinde dikkat \u00e7eken y\u00fckseli\u015fler g\u00f6sterdi.<br \/>\n<br \/>Ayd\u0131n\u2019\u0131n 2024 y\u0131l\u0131na ili\u015fkin temel sosyoekonomik g\u00f6stergeleri a\u00e7\u0131kland\u0131. T\u00dc\u0130K verilerine g\u00f6re Ayd\u0131n, n\u00fcfus art\u0131\u015f\u0131, tar\u0131m alanlar\u0131, ihracat kapasitesi ve motorlu ara\u00e7 say\u0131s\u0131nda b\u00f6lgenin dikkat \u00e7eken illerinden biri oldu. Kent, ald\u0131\u011f\u0131 g\u00f6\u00e7 bak\u0131m\u0131ndan 40,8 bin ki\u015fiyle b\u00f6lge lideri olurken, verdi\u011fi g\u00f6\u00e7 35,8 bin ki\u015fi olarak kaydedildi. N\u00fcfus yo\u011funlu\u011fu ise 2024 itibar\u0131yla 146 ki\u015fi\/km olarak \u00f6l\u00e7\u00fcld\u00fc.<br \/>\n<br \/>Okuryazarl\u0131k oran\u0131 y\u00fckseliyor<br \/>\n<br \/>Ayd\u0131n\u2019\u0131n 6+ ya\u015f okuryazarl\u0131k oran\u0131 y\u00fczde 98,50 ile T\u00fcrkiye ortalamas\u0131n\u0131n \u00fczerine \u00e7\u0131kt\u0131. \u00d6\u011fretmen ba\u015f\u0131na d\u00fc\u015fen \u00f6\u011frenci say\u0131s\u0131 ilkokulda 14, ortaokulda 11, orta\u00f6\u011fretimde 9 olarak belirlendi.<br \/>\n<br \/>Ayd\u0131n\u2019da istihdam g\u00fc\u00e7l\u00fc<br \/>\n<br \/>2024 y\u0131l\u0131 il bazl\u0131 i\u015fg\u00fcc\u00fc g\u00f6stergelerine g\u00f6re Ayd\u0131n\u2019da, \u0130\u015fg\u00fcc\u00fcne kat\u0131lma oran\u0131 y\u00fczde 54,3, istihdam oran\u0131 y\u00fczde 48,8, i\u015fsizlik oran\u0131 y\u00fczde 10,1 olarak ger\u00e7ekle\u015fti. Ki\u015fi ba\u015f\u0131na d\u00fc\u015fen Gayri Safi Yurti\u00e7i Has\u0131la (GSYH) ise 2023\u2019te 222,9 bin TL (9,5 bin dolar) seviyesinde ger\u00e7ekle\u015fti<br \/>\n<br \/>Ayd\u0131n 2025\u2019te 1 milyar dolar ihracat\u0131 a\u015ft\u0131<br \/>\n<br \/>Ayd\u0131n\u2019\u0131n Ocak-Ekim 2025 d\u00f6nemindeki ihracat\u0131 1 milyar 166 milyon dolar, ithalat\u0131 ise 326 milyon dolar olarak kaydedildi. B\u00f6ylece Ayd\u0131n d\u0131\u015f ticarette pozitif denge verdi. Ayd\u0131n\u2019\u0131n toplam tar\u0131m alan\u0131 3 milyon 645 bin dekar, ekilen alan ise 3 milyon 602 bin dekar olarak a\u00e7\u0131klan\u0131rken, bu de\u011ferler Ayd\u0131n\u2019\u0131 b\u00f6lgede ilk s\u0131raya ta\u015f\u0131d\u0131. B\u00fcy\u00fckba\u015f hayvan varl\u0131\u011f\u0131 510 bin, k\u00fc\u00e7\u00fckba\u015f hayvan varl\u0131\u011f\u0131 ise 379 bin ba\u015f olarak kaydedildi<br \/>\n<br \/>Ayd\u0131n\u2019da ara\u00e7 say\u0131s\u0131 661 bine ula\u015ft\u0131<br \/>\n<br \/>Ayd\u0131n\u2019daki motorlu kara ta\u015f\u0131t\u0131 say\u0131s\u0131 2025 Ekim itibar\u0131yla 661 bin oldu. Bu art\u0131\u015f, ilde hem n\u00fcfus hareketlili\u011finin hem de ekonomik canl\u0131l\u0131\u011f\u0131n g\u00fc\u00e7l\u00fc oldu\u011funu g\u00f6sterdi. Ayd\u0131n\u2019da 2025 Ocak-Ekim d\u00f6neminde 24 bin 417 konut sat\u0131ld\u0131. Ayn\u0131 d\u00f6nemde 1 milyar 534 bin 700 metrekare yap\u0131 kullan\u0131m izin belgesi d\u00fczenlendi ve 10 bin 34 yeni daire kullan\u0131ma haz\u0131r hale geldi.<br \/><\/p>\n","protected":false},"excerpt":{"rendered":"<p>T\u00dc\u0130K 2024 verilerine g\u00f6re Ayd\u0131n\u2019da n\u00fcfus artarken ihracat, tar\u0131m alan\u0131 ve ara\u00e7 say\u0131s\u0131 b\u00f6lge genelinde dikkat \u00e7eken y\u00fckseli\u015fler g\u00f6sterdi. Ayd\u0131n\u2019\u0131n 2024 y\u0131l\u0131na ili\u015fkin temel sosyoekonomik g\u00f6stergeleri a\u00e7\u0131kland\u0131. T\u00dc\u0130K verilerine g\u00f6re Ayd\u0131n, n\u00fcfus art\u0131\u015f\u0131, tar\u0131m alanlar\u0131, ihracat kapasitesi ve motorlu ara\u00e7 say\u0131s\u0131nda b\u00f6lgenin dikkat \u00e7eken illerinden biri oldu. Kent, ald\u0131\u011f\u0131 g\u00f6\u00e7 bak\u0131m\u0131ndan 40,8 bin ki\u015fiyle b\u00f6lge&#8230;<\/p>\n","protected":false},"author":1,"featured_media":72360,"comment_status":"open","ping_status":"open","sticky":false,"template":"","format":"standard","meta":{"_crdt_document":"","footnotes":""},"categories":[125],"tags":[],"class_list":["post-72359","post","type-post","status-publish","format-standard","has-post-thumbnail","hentry","category-ekonomi"],"_links":{"self":[{"href":"https:\/\/www.egemtv.com\/index.php?rest_route=\/wp\/v2\/posts\/72359","targetHints":{"allow":["GET"]}}],"collection":[{"href":"https:\/\/www.egemtv.com\/index.php?rest_route=\/wp\/v2\/posts"}],"about":[{"href":"https:\/\/www.egemtv.com\/index.php?rest_route=\/wp\/v2\/types\/post"}],"author":[{"embeddable":true,"href":"https:\/\/www.egemtv.com\/index.php?rest_route=\/wp\/v2\/users\/1"}],"replies":[{"embeddable":true,"href":"https:\/\/www.egemtv.com\/index.php?rest_route=%2Fwp%2Fv2%2Fcomments&post=72359"}],"version-history":[{"count":1,"href":"https:\/\/www.egemtv.com\/index.php?rest_route=\/wp\/v2\/posts\/72359\/revisions"}],"predecessor-version":[{"id":72361,"href":"https:\/\/www.egemtv.com\/index.php?rest_route=\/wp\/v2\/posts\/72359\/revisions\/72361"}],"wp:featuredmedia":[{"embeddable":true,"href":"https:\/\/www.egemtv.com\/index.php?rest_route=\/wp\/v2\/media\/72360"}],"wp:attachment":[{"href":"https:\/\/www.egemtv.com\/index.php?rest_route=%2Fwp%2Fv2%2Fmedia&parent=72359"}],"wp:term":[{"taxonomy":"category","embeddable":true,"href":"https:\/\/www.egemtv.com\/index.php?rest_route=%2Fwp%2Fv2%2Fcategories&post=72359"},{"taxonomy":"post_tag","embeddable":true,"href":"https:\/\/www.egemtv.com\/index.php?rest_route=%2Fwp%2Fv2%2Ftags&post=72359"}],"curies":[{"name":"wp","href":"https:\/\/api.w.org\/{rel}","templated":true}]}}