{"id":72356,"date":"2025-12-06T07:34:36","date_gmt":"2025-12-06T04:34:36","guid":{"rendered":"https:\/\/www.egemtv.com\/?p=72356"},"modified":"2025-12-06T07:34:37","modified_gmt":"2025-12-06T04:34:37","slug":"usakta-otomobil-sarampole-devrildi-2-olu-1-yarali","status":"publish","type":"post","link":"https:\/\/www.egemtv.com\/?p=72356","title":{"rendered":"U\u015fak\u2019ta otomobil \u015farampole devrildi: 2 \u00f6l\u00fc, 1 yaral\u0131"},"content":{"rendered":"<p>U\u015fak\u2019ta otomobilin ref\u00fcje \u00e7arp\u0131p yan yola savrularak \u015farampole devrilmesi sonucu 2 ki\u015fi hayat\u0131n\u0131 kaybetti, 1 ki\u015fi yaraland\u0131.<br \/>\n<br \/>Kaza, \u0130zmir-U\u015fak karayolu Huzur Park yak\u0131nlar\u0131nda meydana geldi. Edinilen bilgilere g\u00f6re, \u0130zmir istikametinden kent merkezine do\u011fru ilerleyen \u00dcmit G\u00fcne\u015f (25) y\u00f6netimindeki 65 EV 148 plakal\u0131 otomobil, s\u00fcr\u00fcc\u00fcs\u00fcn\u00fcn direksiyon hakimiyetini kaybetmesi sonucu ref\u00fcje \u00e7arpt\u0131. \u00c7arpman\u0131n etkisiyle yan yola ge\u00e7en ara\u00e7, ard\u0131ndan \u015farampole devrilerek takla att\u0131.<br \/>\n<br \/>\u00c7evredekilerin ihbar\u0131 \u00fczerine olay yerine 112 Sa\u011fl\u0131k ve polis ekipleri sevk edildi. 112 Sa\u011fl\u0131k ekiplerince yap\u0131lan ilk kontrolde yolcu konumundaki Musa K\u00f6se\u2019nin (29) ya\u015fam\u0131n\u0131 yitirdi\u011fi belirlendi. A\u011f\u0131r yaralanan s\u00fcr\u00fcc\u00fc \u00dcmit G\u00fcne\u015f ile ara\u00e7taki A.K. (25) 112 Sa\u011fl\u0131k ekiplerince kentteki hastanelere kald\u0131r\u0131ld\u0131. S\u00fcr\u00fcc\u00fc G\u00fcne\u015f, kald\u0131r\u0131ld\u0131\u011f\u0131 \u00f6zel hastanede yap\u0131lan m\u00fcdahalelere ra\u011fmen kurtar\u0131lamad\u0131.<br \/>\n<br \/>Olay yerinde yap\u0131lan incelemelerin ard\u0131ndan, K\u00f6se\u2019nin cenazesi U\u015fak E\u011fitim ve Ara\u015ft\u0131rma Hastanesi morguna g\u00f6t\u00fcr\u00fcld\u00fc.<br \/>\n<br \/>\u00d6te yandan, kazada otomobil hurdaya d\u00f6nd\u00fc.<br \/><\/p>\n","protected":false},"excerpt":{"rendered":"<p>U\u015fak\u2019ta otomobilin ref\u00fcje \u00e7arp\u0131p yan yola savrularak \u015farampole devrilmesi sonucu 2 ki\u015fi hayat\u0131n\u0131 kaybetti, 1 ki\u015fi yaraland\u0131. Kaza, \u0130zmir-U\u015fak karayolu Huzur Park yak\u0131nlar\u0131nda meydana geldi. Edinilen bilgilere g\u00f6re, \u0130zmir istikametinden kent merkezine do\u011fru ilerleyen \u00dcmit G\u00fcne\u015f (25) y\u00f6netimindeki 65 EV 148 plakal\u0131 otomobil, s\u00fcr\u00fcc\u00fcs\u00fcn\u00fcn direksiyon hakimiyetini kaybetmesi sonucu ref\u00fcje \u00e7arpt\u0131. \u00c7arpman\u0131n etkisiyle yan yola ge\u00e7en&#8230;<\/p>\n","protected":false},"author":1,"featured_media":72357,"comment_status":"open","ping_status":"open","sticky":false,"template":"","format":"standard","meta":{"_crdt_document":"","footnotes":""},"categories":[5],"tags":[],"class_list":["post-72356","post","type-post","status-publish","format-standard","has-post-thumbnail","hentry","category-asayis"],"_links":{"self":[{"href":"https:\/\/www.egemtv.com\/index.php?rest_route=\/wp\/v2\/posts\/72356","targetHints":{"allow":["GET"]}}],"collection":[{"href":"https:\/\/www.egemtv.com\/index.php?rest_route=\/wp\/v2\/posts"}],"about":[{"href":"https:\/\/www.egemtv.com\/index.php?rest_route=\/wp\/v2\/types\/post"}],"author":[{"embeddable":true,"href":"https:\/\/www.egemtv.com\/index.php?rest_route=\/wp\/v2\/users\/1"}],"replies":[{"embeddable":true,"href":"https:\/\/www.egemtv.com\/index.php?rest_route=%2Fwp%2Fv2%2Fcomments&post=72356"}],"version-history":[{"count":1,"href":"https:\/\/www.egemtv.com\/index.php?rest_route=\/wp\/v2\/posts\/72356\/revisions"}],"predecessor-version":[{"id":72358,"href":"https:\/\/www.egemtv.com\/index.php?rest_route=\/wp\/v2\/posts\/72356\/revisions\/72358"}],"wp:featuredmedia":[{"embeddable":true,"href":"https:\/\/www.egemtv.com\/index.php?rest_route=\/wp\/v2\/media\/72357"}],"wp:attachment":[{"href":"https:\/\/www.egemtv.com\/index.php?rest_route=%2Fwp%2Fv2%2Fmedia&parent=72356"}],"wp:term":[{"taxonomy":"category","embeddable":true,"href":"https:\/\/www.egemtv.com\/index.php?rest_route=%2Fwp%2Fv2%2Fcategories&post=72356"},{"taxonomy":"post_tag","embeddable":true,"href":"https:\/\/www.egemtv.com\/index.php?rest_route=%2Fwp%2Fv2%2Ftags&post=72356"}],"curies":[{"name":"wp","href":"https:\/\/api.w.org\/{rel}","templated":true}]}}