{"id":72353,"date":"2025-12-06T00:14:29","date_gmt":"2025-12-05T21:14:29","guid":{"rendered":"https:\/\/www.egemtv.com\/?p=72353"},"modified":"2025-12-06T00:14:30","modified_gmt":"2025-12-05T21:14:30","slug":"milasli-sehidin-cocuklari-galatasarayin-onur-konugu-oldu","status":"publish","type":"post","link":"https:\/\/www.egemtv.com\/?p=72353","title":{"rendered":"Milasl\u0131 \u015fehidin \u00e7ocuklar\u0131, Galatasaray\u2019\u0131n onur konu\u011fu oldu"},"content":{"rendered":"<p>G\u00fcrcistan\u2019da d\u00fc\u015fen askeri kargo u\u00e7a\u011f\u0131nda \u015fehit olan Milasl\u0131 Hava U\u00e7ak Bak\u0131m Astsubay Ba\u015f\u00e7avu\u015f Emrah Kuran\u2019\u0131n \u00e7ocuklar\u0131, Galatasaray-Samsunspor ma\u00e7\u0131nda Galatasaray\u2019\u0131n onur konu\u011fu oldu.<br \/>\n<br \/>Ge\u00e7ti\u011fimiz Kas\u0131m ay\u0131nda Azerbaycan\u2019dan T\u00fcrkiye\u2019ye gelmek i\u00e7in havalanan askeri kargo u\u00e7a\u011f\u0131n\u0131n G\u00fcrcistan s\u0131n\u0131r\u0131nda d\u00fc\u015fmesi sonucu \u015fehit olan Hava U\u00e7ak Bak\u0131m Astsubay Ba\u015f\u00e7avu\u015f Emrah Kuran\u2019\u0131n o\u011fullar\u0131 Aras (10) ve Bartu (5), bug\u00fcn oynanan Samsunspor kar\u015f\u0131la\u015fmas\u0131nda Galatasaray\u2019\u0131n \u00f6zel konu\u011fu oldu. \u015eehit \u00e7ocuklar\u0131, ma\u00e7 \u00f6ncesi d\u00fczenlenen seremoniye futbolcularla birlikte \u00e7\u0131karak unutulmaz anlar ya\u015fad\u0131.<br \/>\n<br \/>Ailenin ma\u00e7a gitme iste\u011finin Galatasaray Kul\u00fcb\u00fc\u2019ne iletilmesinin ard\u0131ndan yap\u0131lan davet \u00fczerine \u015fehidin e\u015fi ile 7 ayl\u0131k, 5 ve 10 ya\u015f\u0131ndaki \u00e7ocuklar\u0131 \u00f6\u011fle saatlerinde Sabiha G\u00f6k\u00e7en Havaliman\u0131\u2019na ula\u015ft\u0131. Aile, ma\u00e7 program\u0131 kapsam\u0131nda \u0130stanbul\u2019da a\u011f\u0131rlan\u0131rken, Galatasaray Kul\u00fcb\u00fc taraf\u0131ndan ma\u00e7 g\u00fcn\u00fc boyunca \u00e7ocuklar\u0131n keyifli zaman ge\u00e7irmesi i\u00e7in \u00f6zel program haz\u0131rland\u0131. Kar\u015f\u0131la\u015fma saatinde ise iki minik karde\u015f, Galatasaray ve Samsunspor futbolcular\u0131yla birlikte seremoni alan\u0131na \u00e7\u0131karak unutulmaz bir g\u00fcn ya\u015fad\u0131.<br \/>\n<br \/>\u015eehit ailesinin \u0130stanbul\u2019a ula\u015f\u0131m giderleri, Milas Kaymakam\u0131 Mustafa \u00dcnver B\u00f6ke taraf\u0131ndan kar\u015f\u0131lanarak ailenin g\u00fcvenli bir \u015fekilde \u0130stanbul\u2019a ula\u015fmas\u0131 sa\u011fland\u0131. Kaymakam B\u00f6ke, bu organizasyonun \u00e7ocuklara moral olmas\u0131 amac\u0131yla desteklendi\u011fini belirtti. \u015eehit Emrah Kuran\u2019\u0131n e\u015fi kendilerini davet eden ve eme\u011fi ge\u00e7en herkese \u00e7ok te\u015fekk\u00fcr etti.<br \/><\/p>\n","protected":false},"excerpt":{"rendered":"<p>G\u00fcrcistan\u2019da d\u00fc\u015fen askeri kargo u\u00e7a\u011f\u0131nda \u015fehit olan Milasl\u0131 Hava U\u00e7ak Bak\u0131m Astsubay Ba\u015f\u00e7avu\u015f Emrah Kuran\u2019\u0131n \u00e7ocuklar\u0131, Galatasaray-Samsunspor ma\u00e7\u0131nda Galatasaray\u2019\u0131n onur konu\u011fu oldu. Ge\u00e7ti\u011fimiz Kas\u0131m ay\u0131nda Azerbaycan\u2019dan T\u00fcrkiye\u2019ye gelmek i\u00e7in havalanan askeri kargo u\u00e7a\u011f\u0131n\u0131n G\u00fcrcistan s\u0131n\u0131r\u0131nda d\u00fc\u015fmesi sonucu \u015fehit olan Hava U\u00e7ak Bak\u0131m Astsubay Ba\u015f\u00e7avu\u015f Emrah Kuran\u2019\u0131n o\u011fullar\u0131 Aras (10) ve Bartu (5), bug\u00fcn oynanan Samsunspor&#8230;<\/p>\n","protected":false},"author":1,"featured_media":72354,"comment_status":"open","ping_status":"open","sticky":false,"template":"","format":"standard","meta":{"_crdt_document":"","footnotes":""},"categories":[1],"tags":[],"class_list":["post-72353","post","type-post","status-publish","format-standard","has-post-thumbnail","hentry","category-guncel"],"_links":{"self":[{"href":"https:\/\/www.egemtv.com\/index.php?rest_route=\/wp\/v2\/posts\/72353","targetHints":{"allow":["GET"]}}],"collection":[{"href":"https:\/\/www.egemtv.com\/index.php?rest_route=\/wp\/v2\/posts"}],"about":[{"href":"https:\/\/www.egemtv.com\/index.php?rest_route=\/wp\/v2\/types\/post"}],"author":[{"embeddable":true,"href":"https:\/\/www.egemtv.com\/index.php?rest_route=\/wp\/v2\/users\/1"}],"replies":[{"embeddable":true,"href":"https:\/\/www.egemtv.com\/index.php?rest_route=%2Fwp%2Fv2%2Fcomments&post=72353"}],"version-history":[{"count":1,"href":"https:\/\/www.egemtv.com\/index.php?rest_route=\/wp\/v2\/posts\/72353\/revisions"}],"predecessor-version":[{"id":72355,"href":"https:\/\/www.egemtv.com\/index.php?rest_route=\/wp\/v2\/posts\/72353\/revisions\/72355"}],"wp:featuredmedia":[{"embeddable":true,"href":"https:\/\/www.egemtv.com\/index.php?rest_route=\/wp\/v2\/media\/72354"}],"wp:attachment":[{"href":"https:\/\/www.egemtv.com\/index.php?rest_route=%2Fwp%2Fv2%2Fmedia&parent=72353"}],"wp:term":[{"taxonomy":"category","embeddable":true,"href":"https:\/\/www.egemtv.com\/index.php?rest_route=%2Fwp%2Fv2%2Fcategories&post=72353"},{"taxonomy":"post_tag","embeddable":true,"href":"https:\/\/www.egemtv.com\/index.php?rest_route=%2Fwp%2Fv2%2Ftags&post=72353"}],"curies":[{"name":"wp","href":"https:\/\/api.w.org\/{rel}","templated":true}]}}