{"id":72350,"date":"2025-12-05T22:55:04","date_gmt":"2025-12-05T19:55:04","guid":{"rendered":"https:\/\/www.egemtv.com\/?p=72350"},"modified":"2025-12-05T22:55:04","modified_gmt":"2025-12-05T19:55:04","slug":"baybaturdan-manisada-kardeslik-mesaji","status":"publish","type":"post","link":"https:\/\/www.egemtv.com\/?p=72350","title":{"rendered":"Baybatur\u2019dan Manisa\u2019da karde\u015flik mesaj\u0131"},"content":{"rendered":"<p>AK Parti Manisa Milletvekili Murat Baybatur, &#8220;Ter\u00f6rs\u00fcz T\u00fcrkiye&#8221; s\u00fcrecine destek amac\u0131yla Manisa\u2019daki kanaat \u00f6nderleri, i\u015f insanlar\u0131, sivil toplum kurulu\u015flar\u0131n\u0131n temsilcileri ve \u00e7e\u015fitli siyasi partilerin temsilcilerinin kat\u0131l\u0131m\u0131yla &#8220;Ad\u0131m\u0131z T\u00fcrkiye, Soyad\u0131m\u0131z Karde\u015flik&#8221; program\u0131 d\u00fczenledi.<br \/>\n<br \/>Geni\u015f kat\u0131l\u0131mla ger\u00e7ekle\u015fen bulu\u015fman\u0131n, kentte toplumsal birlik ve dayan\u0131\u015fmay\u0131 g\u00fc\u00e7lendirmeye y\u00f6nelik \u00f6nemli bir ad\u0131m oldu\u011fu belirtildi. Programda konu\u015fan Baybatur, T\u00fcrkiye\u2019nin son 40 y\u0131ll\u0131k ter\u00f6rle m\u00fccadelesinde kritik bir a\u015famaya gelindi\u011fini vurgulayarak, &#8220;T\u00fcrkiye\u2019de ter\u00f6r konusu sona erme a\u015famas\u0131na geldi.&#8221; dedi. \u015eehit ailelerinin hassasiyetlerinin g\u00f6zetilerek y\u00fcr\u00fct\u00fclen s\u00fcrecin kararl\u0131l\u0131kla devam etti\u011fini ifade eden Baybatur, Gabar\u2019da bulunan petrol ba\u015fta olmak \u00fczere b\u00f6lgedeki yer alt\u0131 kaynaklar\u0131n\u0131n \u00fclke ekonomisine \u00f6nemli katk\u0131lar sunaca\u011f\u0131n\u0131 belirtti.<br \/>\n<br \/>T\u00fcrkiye\u2019nin savunma sanayisindeki geli\u015fmelere de de\u011finen Baybatur, &#8220;Kendi \u0130HA, S\u0130HA, Ak\u0131nc\u0131 ve K\u0131z\u0131lelma projelerimiz art\u0131k ba\u011f\u0131ms\u0131zl\u0131\u011f\u0131m\u0131z\u0131n sembol\u00fc oldu. T\u00fcrkiye, dostlar\u0131na g\u00fcven veren, d\u00fc\u015fmanlar\u0131na ise cayd\u0131r\u0131c\u0131 g\u00fc\u00e7 g\u00f6steren bir devlet haline geldi.&#8221; diye konu\u015ftu.<br \/>\n<br \/>Baybatur, AK Parti\u2019nin 23 y\u0131lda Manisa\u2019ya kazand\u0131rd\u0131\u011f\u0131 yat\u0131r\u0131mlar\u0131 da aktararak, modern hastaneler, e\u011fitim yat\u0131r\u0131mlar\u0131, sulama projeleri ve ula\u015f\u0131m \u00e7al\u0131\u015fmalar\u0131n\u0131n kentin \u00e7ehresini de\u011fi\u015ftirdi\u011fini ifade etti. Yap\u0131m\u0131 s\u00fcren Gediz Kav\u015fa\u011f\u0131, meslek lisesi kamp\u00fcs\u00fc, k\u00fc\u00e7\u00fck sanayi sitesinin ta\u015f\u0131nmas\u0131, kentsel d\u00f6n\u00fc\u015f\u00fcm ve yak\u0131nda a\u00e7\u0131klanacak millet bah\u00e7esi projelerinin Manisa\u2019ya de\u011fer kataca\u011f\u0131n\u0131 s\u00f6yledi.<br \/>\n<br \/>Konu\u015fmas\u0131nda, yak\u0131n zamanda vefat eden Manisa B\u00fcy\u00fck\u015fehir Belediye Ba\u015fkan\u0131 Ferdi Zeyrek\u2019i rahmetle anan Baybatur, &#8220;Sevdam\u0131z Manisa\u2019d\u0131r; ad\u0131m\u0131z karde\u015fliktir; soyad\u0131m\u0131z T\u00fcrkiye\u2019dir.&#8221; dedi.<br \/>\n<br \/>Programda konu\u015fan eski \u0130l Genel Meclisi Ba\u015fkan\u0131 Hayrullah Solmaz, MAG\u0130D Ba\u015fkan\u0131 Aslan Y\u0131lmaz, MESKOP Ba\u015fkan\u0131 Recep \u00c7\u0131nar, i\u015f insanlar\u0131 ve sivil toplum kurulu\u015fu temsilcileri, Baybatur\u2019a te\u015fekk\u00fcr ederek Manisa\u2019daki birlik ve karde\u015flik ortam\u0131n\u0131n \u00f6nemine vurgu yapt\u0131.<br \/>\n<br \/>T\u00fcrkiye Harp Malul\u00fc Gaziler, \u015eehit, Dul ve Yetimleri Derne\u011fi Manisa \u015eube Ba\u015fkan\u0131 Yusuf K\u0131y\u0131\u015fkan ise ter\u00f6rle m\u00fccadelenin hi\u00e7bir zaman etnik k\u00f6kenler aras\u0131nda bir \u00e7at\u0131\u015fma olmad\u0131\u011f\u0131n\u0131 belirterek, &#8220;Bu m\u00fccadele hain bir \u00f6rg\u00fctle oldu. Vatan\u0131m\u0131za kasteden elbette hesab\u0131n\u0131 vermelidir.&#8221; ifadelerini kulland\u0131.<br \/>\n<br \/>Programda konu\u015fan Tarih\u00e7i-Yazar Prof. Dr. Mehmet \u00c7elik, Kent Konseyi Ba\u015fkan\u0131 Hakk\u0131 Bayraktar, Manisa Ticaret ve Sanayi Odas\u0131 Ba\u015fkan\u0131 Mehmet Y\u0131lmaz ve Manisa OSB Ba\u015fkan\u0131 Sait T\u00fcrek de kentteki birlik ruhunun \u00f6nemine dikkati \u00e7ekti.<br \/>\n<br \/>Manisa Valisi Vahdettin \u00d6zkan, program\u0131n de\u011ferine i\u015faret ederek, etkinlik kapsam\u0131nda davetliler ad\u0131na ge\u00e7ti\u011fimiz yaz orman yang\u0131n\u0131 ya\u015fanan Yukar\u0131kayap\u0131nar Mahallesi\u2019nde fidan dikilmesinin ayr\u0131ca anlam ta\u015f\u0131d\u0131\u011f\u0131n\u0131 s\u00f6yledi.<br \/>\n<br \/>Program, birlik ve karde\u015flik mesajlar\u0131n\u0131n verilmesinin ard\u0131ndan sona erdi.<br \/><\/p>\n","protected":false},"excerpt":{"rendered":"<p>AK Parti Manisa Milletvekili Murat Baybatur, &#8220;Ter\u00f6rs\u00fcz T\u00fcrkiye&#8221; s\u00fcrecine destek amac\u0131yla Manisa\u2019daki kanaat \u00f6nderleri, i\u015f insanlar\u0131, sivil toplum kurulu\u015flar\u0131n\u0131n temsilcileri ve \u00e7e\u015fitli siyasi partilerin temsilcilerinin kat\u0131l\u0131m\u0131yla &#8220;Ad\u0131m\u0131z T\u00fcrkiye, Soyad\u0131m\u0131z Karde\u015flik&#8221; program\u0131 d\u00fczenledi. Geni\u015f kat\u0131l\u0131mla ger\u00e7ekle\u015fen bulu\u015fman\u0131n, kentte toplumsal birlik ve dayan\u0131\u015fmay\u0131 g\u00fc\u00e7lendirmeye y\u00f6nelik \u00f6nemli bir ad\u0131m oldu\u011fu belirtildi. Programda konu\u015fan Baybatur, T\u00fcrkiye\u2019nin son 40 y\u0131ll\u0131k&#8230;<\/p>\n","protected":false},"author":1,"featured_media":72351,"comment_status":"open","ping_status":"open","sticky":false,"template":"","format":"standard","meta":{"_crdt_document":"","footnotes":""},"categories":[127],"tags":[],"class_list":["post-72350","post","type-post","status-publish","format-standard","has-post-thumbnail","hentry","category-siyaset"],"_links":{"self":[{"href":"https:\/\/www.egemtv.com\/index.php?rest_route=\/wp\/v2\/posts\/72350","targetHints":{"allow":["GET"]}}],"collection":[{"href":"https:\/\/www.egemtv.com\/index.php?rest_route=\/wp\/v2\/posts"}],"about":[{"href":"https:\/\/www.egemtv.com\/index.php?rest_route=\/wp\/v2\/types\/post"}],"author":[{"embeddable":true,"href":"https:\/\/www.egemtv.com\/index.php?rest_route=\/wp\/v2\/users\/1"}],"replies":[{"embeddable":true,"href":"https:\/\/www.egemtv.com\/index.php?rest_route=%2Fwp%2Fv2%2Fcomments&post=72350"}],"version-history":[{"count":1,"href":"https:\/\/www.egemtv.com\/index.php?rest_route=\/wp\/v2\/posts\/72350\/revisions"}],"predecessor-version":[{"id":72352,"href":"https:\/\/www.egemtv.com\/index.php?rest_route=\/wp\/v2\/posts\/72350\/revisions\/72352"}],"wp:featuredmedia":[{"embeddable":true,"href":"https:\/\/www.egemtv.com\/index.php?rest_route=\/wp\/v2\/media\/72351"}],"wp:attachment":[{"href":"https:\/\/www.egemtv.com\/index.php?rest_route=%2Fwp%2Fv2%2Fmedia&parent=72350"}],"wp:term":[{"taxonomy":"category","embeddable":true,"href":"https:\/\/www.egemtv.com\/index.php?rest_route=%2Fwp%2Fv2%2Fcategories&post=72350"},{"taxonomy":"post_tag","embeddable":true,"href":"https:\/\/www.egemtv.com\/index.php?rest_route=%2Fwp%2Fv2%2Ftags&post=72350"}],"curies":[{"name":"wp","href":"https:\/\/api.w.org\/{rel}","templated":true}]}}