{"id":72347,"date":"2025-12-05T22:55:03","date_gmt":"2025-12-05T19:55:03","guid":{"rendered":"https:\/\/www.egemtv.com\/?p=72347"},"modified":"2025-12-05T22:55:03","modified_gmt":"2025-12-05T19:55:03","slug":"vali-isin-engelli-bireylerin-yasamini-kolaylastirmak-oncelikli-hedefimiz","status":"publish","type":"post","link":"https:\/\/www.egemtv.com\/?p=72347","title":{"rendered":"Vali I\u015f\u0131n: &#8220;Engelli bireylerin ya\u015fam\u0131n\u0131 kolayla\u015ft\u0131rmak \u00f6ncelikli hedefimiz&#8221;"},"content":{"rendered":"<p>K\u00fctahya Valisi Musa I\u015f\u0131n, Alt\u0131 Nokta K\u00f6rler Derne\u011fi K\u00fctahya \u015eubesi\u2019ni ziyaret etti.<br \/>\n<br \/>Ziyarette Vali I\u015f\u0131n, Dernek Ba\u015fkan Vekili Kudret Sa\u011f ve dernek \u00fcyeleriyle bir araya gelerek g\u00f6rme engelli vatanda\u015flar\u0131n ihtiya\u00e7lar\u0131, talepleri ve y\u00fcr\u00fct\u00fclen \u00e7al\u0131\u015fmalar hakk\u0131nda bilgi ald\u0131.<br \/>\n<br \/>Ba\u015fkan Vekili Kudret Sa\u011f, derne\u011fin faaliyetleri, projeleri ve eri\u015filebilirlik alan\u0131nda yap\u0131lan \u00e7al\u0131\u015fmalarla ilgili detayl\u0131 bilgilendirme yapt\u0131. Sa\u011f, \u00f6zellikle g\u00f6rme engelli bireylerin sosyal hayata kat\u0131l\u0131m\u0131n\u0131 art\u0131rmaya y\u00f6nelik devam eden projeler hakk\u0131nda Vali I\u015f\u0131n\u2019a bilgi sundu.<br \/>\n<br \/>Engelli bireylerin ya\u015fam\u0131n\u0131 kolayla\u015ft\u0131rmaya y\u00f6nelik her \u00e7al\u0131\u015fman\u0131n devlet i\u00e7in \u00f6ncelik ta\u015f\u0131d\u0131\u011f\u0131n\u0131 vurgulayan Vali Musa I\u015f\u0131n, &#8220;G\u00f6rme engelli karde\u015flerimizin ya\u015fam kalitesini art\u0131rmak ve sosyal hayata daha g\u00fc\u00e7l\u00fc kat\u0131l\u0131mlar\u0131n\u0131 sa\u011flamak hepimizin ortak sorumlulu\u011fudur&#8221; ifadelerini kulland\u0131.<br \/><\/p>\n","protected":false},"excerpt":{"rendered":"<p>K\u00fctahya Valisi Musa I\u015f\u0131n, Alt\u0131 Nokta K\u00f6rler Derne\u011fi K\u00fctahya \u015eubesi\u2019ni ziyaret etti. Ziyarette Vali I\u015f\u0131n, Dernek Ba\u015fkan Vekili Kudret Sa\u011f ve dernek \u00fcyeleriyle bir araya gelerek g\u00f6rme engelli vatanda\u015flar\u0131n ihtiya\u00e7lar\u0131, talepleri ve y\u00fcr\u00fct\u00fclen \u00e7al\u0131\u015fmalar hakk\u0131nda bilgi ald\u0131. Ba\u015fkan Vekili Kudret Sa\u011f, derne\u011fin faaliyetleri, projeleri ve eri\u015filebilirlik alan\u0131nda yap\u0131lan \u00e7al\u0131\u015fmalarla ilgili detayl\u0131 bilgilendirme yapt\u0131. Sa\u011f, \u00f6zellikle&#8230;<\/p>\n","protected":false},"author":1,"featured_media":72348,"comment_status":"open","ping_status":"open","sticky":false,"template":"","format":"standard","meta":{"_crdt_document":"","footnotes":""},"categories":[123],"tags":[],"class_list":["post-72347","post","type-post","status-publish","format-standard","has-post-thumbnail","hentry","category-gundem"],"_links":{"self":[{"href":"https:\/\/www.egemtv.com\/index.php?rest_route=\/wp\/v2\/posts\/72347","targetHints":{"allow":["GET"]}}],"collection":[{"href":"https:\/\/www.egemtv.com\/index.php?rest_route=\/wp\/v2\/posts"}],"about":[{"href":"https:\/\/www.egemtv.com\/index.php?rest_route=\/wp\/v2\/types\/post"}],"author":[{"embeddable":true,"href":"https:\/\/www.egemtv.com\/index.php?rest_route=\/wp\/v2\/users\/1"}],"replies":[{"embeddable":true,"href":"https:\/\/www.egemtv.com\/index.php?rest_route=%2Fwp%2Fv2%2Fcomments&post=72347"}],"version-history":[{"count":1,"href":"https:\/\/www.egemtv.com\/index.php?rest_route=\/wp\/v2\/posts\/72347\/revisions"}],"predecessor-version":[{"id":72349,"href":"https:\/\/www.egemtv.com\/index.php?rest_route=\/wp\/v2\/posts\/72347\/revisions\/72349"}],"wp:featuredmedia":[{"embeddable":true,"href":"https:\/\/www.egemtv.com\/index.php?rest_route=\/wp\/v2\/media\/72348"}],"wp:attachment":[{"href":"https:\/\/www.egemtv.com\/index.php?rest_route=%2Fwp%2Fv2%2Fmedia&parent=72347"}],"wp:term":[{"taxonomy":"category","embeddable":true,"href":"https:\/\/www.egemtv.com\/index.php?rest_route=%2Fwp%2Fv2%2Fcategories&post=72347"},{"taxonomy":"post_tag","embeddable":true,"href":"https:\/\/www.egemtv.com\/index.php?rest_route=%2Fwp%2Fv2%2Ftags&post=72347"}],"curies":[{"name":"wp","href":"https:\/\/api.w.org\/{rel}","templated":true}]}}