{"id":72344,"date":"2025-12-05T22:55:01","date_gmt":"2025-12-05T19:55:01","guid":{"rendered":"https:\/\/www.egemtv.com\/?p=72344"},"modified":"2025-12-05T22:55:03","modified_gmt":"2025-12-05T19:55:03","slug":"hisarcik-belediyesine-yeni-cop-toplama-araci","status":"publish","type":"post","link":"https:\/\/www.egemtv.com\/?p=72344","title":{"rendered":"Hisarc\u0131k Belediyesi\u2019ne yeni \u00e7\u00f6p toplama arac\u0131"},"content":{"rendered":"<p>K\u00fctahya\u2019n\u0131n Hisarc\u0131k Belediyesine \u00c7evre, \u015eehircilik ve \u0130klim De\u011fi\u015fikli\u011fi Bakanl\u0131\u011f\u0131 taraf\u0131ndan g\u00f6nderilen yeni \u00e7\u00f6p toplama arac\u0131 hizmete girdi.<br \/>\n<br \/>Belediye Ba\u015fkan\u0131 Mustafa Demirta\u015f, \u00c7evre, \u015eehircilik ve \u0130klim De\u011fi\u015fikli\u011fi Bakanl\u0131\u011f\u0131 nezdinde yapt\u0131klar\u0131 giri\u015fimler sonucunda il\u00e7eye kazand\u0131r\u0131lan yeni \u00e7\u00f6p toplama arac\u0131n\u0131n hizmete al\u0131nmas\u0131n\u0131n, il\u00e7e genelinde temizlik \u00e7al\u0131\u015fmalar\u0131n\u0131 daha sistemli hale getirece\u011fini belirtti.<br \/>\n<br \/>Ba\u015fkan Demirta\u015f, &#8220;\u00c7al\u0131\u015fmalar\u0131m\u0131z\u0131n aksamadan devam etmesi i\u00e7in ara\u00e7 filomuzu planl\u0131 \u015fekilde b\u00fcy\u00fct\u00fcyoruz. Her yeni ara\u00e7, hizmet kalitemizi art\u0131rmam\u0131za ve il\u00e7emize daha h\u0131zl\u0131 \u00e7\u00f6z\u00fcm sunmam\u0131za katk\u0131 sa\u011fl\u0131yor. \u00d6n\u00fcm\u00fczdeki d\u00f6nemde filomuza farkl\u0131 hizmet gruplar\u0131nda yeni ara\u00e7lar eklemeyi s\u00fcrd\u00fcrece\u011fiz. Yeni arac\u0131n il\u00e7emize kazand\u0131r\u0131lmas\u0131na destek veren \u00c7evre, \u015eehircilik ve \u0130klim De\u011fi\u015fikli\u011fi Bakan\u0131m\u0131z Murat Kurum\u2019a ve K\u00fctahya Milletvekilimiz Ahmet Erba\u015f\u2019a te\u015fekk\u00fcr ediyorum. Do\u011fru yat\u0131r\u0131mlarla, g\u00fc\u00e7l\u00fc bir mali disiplinle Hisarc\u0131k\u2019a kal\u0131c\u0131 hizmetler sunmaya devam edece\u011fiz. Yeni arac\u0131m\u0131z\u0131n il\u00e7emize hay\u0131rl\u0131 olmas\u0131n\u0131 diliyorum&#8221; dedi.<br \/><\/p>\n","protected":false},"excerpt":{"rendered":"<p>K\u00fctahya\u2019n\u0131n Hisarc\u0131k Belediyesine \u00c7evre, \u015eehircilik ve \u0130klim De\u011fi\u015fikli\u011fi Bakanl\u0131\u011f\u0131 taraf\u0131ndan g\u00f6nderilen yeni \u00e7\u00f6p toplama arac\u0131 hizmete girdi. Belediye Ba\u015fkan\u0131 Mustafa Demirta\u015f, \u00c7evre, \u015eehircilik ve \u0130klim De\u011fi\u015fikli\u011fi Bakanl\u0131\u011f\u0131 nezdinde yapt\u0131klar\u0131 giri\u015fimler sonucunda il\u00e7eye kazand\u0131r\u0131lan yeni \u00e7\u00f6p toplama arac\u0131n\u0131n hizmete al\u0131nmas\u0131n\u0131n, il\u00e7e genelinde temizlik \u00e7al\u0131\u015fmalar\u0131n\u0131 daha sistemli hale getirece\u011fini belirtti. Ba\u015fkan Demirta\u015f, &#8220;\u00c7al\u0131\u015fmalar\u0131m\u0131z\u0131n aksamadan devam etmesi i\u00e7in&#8230;<\/p>\n","protected":false},"author":1,"featured_media":72345,"comment_status":"open","ping_status":"open","sticky":false,"template":"","format":"standard","meta":{"_crdt_document":"","footnotes":""},"categories":[125],"tags":[],"class_list":["post-72344","post","type-post","status-publish","format-standard","has-post-thumbnail","hentry","category-ekonomi"],"_links":{"self":[{"href":"https:\/\/www.egemtv.com\/index.php?rest_route=\/wp\/v2\/posts\/72344","targetHints":{"allow":["GET"]}}],"collection":[{"href":"https:\/\/www.egemtv.com\/index.php?rest_route=\/wp\/v2\/posts"}],"about":[{"href":"https:\/\/www.egemtv.com\/index.php?rest_route=\/wp\/v2\/types\/post"}],"author":[{"embeddable":true,"href":"https:\/\/www.egemtv.com\/index.php?rest_route=\/wp\/v2\/users\/1"}],"replies":[{"embeddable":true,"href":"https:\/\/www.egemtv.com\/index.php?rest_route=%2Fwp%2Fv2%2Fcomments&post=72344"}],"version-history":[{"count":1,"href":"https:\/\/www.egemtv.com\/index.php?rest_route=\/wp\/v2\/posts\/72344\/revisions"}],"predecessor-version":[{"id":72346,"href":"https:\/\/www.egemtv.com\/index.php?rest_route=\/wp\/v2\/posts\/72344\/revisions\/72346"}],"wp:featuredmedia":[{"embeddable":true,"href":"https:\/\/www.egemtv.com\/index.php?rest_route=\/wp\/v2\/media\/72345"}],"wp:attachment":[{"href":"https:\/\/www.egemtv.com\/index.php?rest_route=%2Fwp%2Fv2%2Fmedia&parent=72344"}],"wp:term":[{"taxonomy":"category","embeddable":true,"href":"https:\/\/www.egemtv.com\/index.php?rest_route=%2Fwp%2Fv2%2Fcategories&post=72344"},{"taxonomy":"post_tag","embeddable":true,"href":"https:\/\/www.egemtv.com\/index.php?rest_route=%2Fwp%2Fv2%2Ftags&post=72344"}],"curies":[{"name":"wp","href":"https:\/\/api.w.org\/{rel}","templated":true}]}}