{"id":72251,"date":"2025-12-05T14:34:41","date_gmt":"2025-12-05T11:34:41","guid":{"rendered":"https:\/\/www.egemtv.com\/?p=72251"},"modified":"2025-12-05T14:34:42","modified_gmt":"2025-12-05T11:34:42","slug":"ege-yildizlari-hokey-takimi-tiflis-kupasini-muglaya-getirdi","status":"publish","type":"post","link":"https:\/\/www.egemtv.com\/?p=72251","title":{"rendered":"Ege Y\u0131ld\u0131zlar\u0131 Hokey tak\u0131m\u0131 Tiflis Kupas\u0131\u2019n\u0131 Mu\u011fla\u2019ya getirdi"},"content":{"rendered":"<p>Mu\u011fla\u2019y\u0131 temsil eden Ege Y\u0131ld\u0131zlar\u0131 Spor Kul\u00fcb\u00fc, 2-6 Aral\u0131k 2025 tarihleri aras\u0131nda G\u00fcrcistan\u2019\u0131n ba\u015fkenti Tiflis\u2019te d\u00fczenlenen Uluslararas\u0131 Tiflis Kupas\u0131\u2019nda t\u00fcm rakiplerini ma\u011flup ederek \u015fampiyon oldu.<\/p>\n<p>T\u00fcrk hokeyi ad\u0131na uluslararas\u0131 arenada \u00f6nemli bir ba\u015far\u0131ya imza at\u0131ld\u0131. Mu\u011fla temsilcisi Ege Y\u0131ld\u0131zlar\u0131 Spor Kul\u00fcb\u00fc, G\u00fcrcistan\u2019da ger\u00e7ekle\u015ftirilen Uluslararas\u0131 Tiflis Kupas\u0131\u2019nda m\u00fccadele etti.<\/p>\n<p>Ege Y\u0131ld\u0131zlar\u0131, turnuva boyunca Ukimerioni Kutaisi, Adjara Sports ve Abasha Georgian tak\u0131mlar\u0131yla kar\u015f\u0131la\u015ft\u0131. Mu\u011fla temsilcisi, sergiledi\u011fi \u00fcst\u00fcn performansla bu zorlu rakiplerin tamam\u0131n\u0131 ma\u011flup etmeyi ba\u015fararak Tiflis Kupas\u0131\u2019n\u0131 kazanma gururunu ya\u015fad\u0131. Elde edilen bu \u015fampiyonlukla Ege Y\u0131ld\u0131zlar\u0131, kupay\u0131 hem Mu\u011fla iline hem de T\u00fcrkiye\u2019ye kazand\u0131rm\u0131\u015f oldu.<\/p>\n<p>Organizasyonun ard\u0131ndan duygular\u0131n\u0131 dile getiren Ege Y\u0131ld\u0131zlar\u0131 Spor Kul\u00fcb\u00fc Ba\u015fantren\u00f6r\u00fc Serkan \u015een, \u015fampiyonlu\u011fun s\u0131k\u0131 bir \u00e7al\u0131\u015fman\u0131n \u00fcr\u00fcn\u00fc oldu\u011funu belirtti.<\/p>\n<p>\u015een, yapt\u0131\u011f\u0131 a\u00e7\u0131klamada \u015funlar\u0131 s\u00f6yledi: &#8220;Bu organizasyona \u00e7ok s\u0131k\u0131 haz\u0131rland\u0131k ve sonunda Uluslararas\u0131 Tiflis Kupas\u0131n\u0131 Mu\u011fla ilimize ve \u00fclkemize kazand\u0131rd\u0131k. T\u00fcm sporcular\u0131m\u0131z G\u00fcrcistan\u2019daki hokey otoritelerinden tam not ald\u0131lar. G\u00f6sterdikleri \u00f6zveri ve ba\u015far\u0131 i\u00e7in sporcular\u0131m\u0131 kutluyorum. Mutlu ve gururluyuz &#8220;ifadesini kulland\u0131.<br \/><\/p>\n","protected":false},"excerpt":{"rendered":"<p>Mu\u011fla\u2019y\u0131 temsil eden Ege Y\u0131ld\u0131zlar\u0131 Spor Kul\u00fcb\u00fc, 2-6 Aral\u0131k 2025 tarihleri aras\u0131nda G\u00fcrcistan\u2019\u0131n ba\u015fkenti Tiflis\u2019te d\u00fczenlenen Uluslararas\u0131 Tiflis Kupas\u0131\u2019nda t\u00fcm rakiplerini ma\u011flup ederek \u015fampiyon oldu. T\u00fcrk hokeyi ad\u0131na uluslararas\u0131 arenada \u00f6nemli bir ba\u015far\u0131ya imza at\u0131ld\u0131. Mu\u011fla temsilcisi Ege Y\u0131ld\u0131zlar\u0131 Spor Kul\u00fcb\u00fc, G\u00fcrcistan\u2019da ger\u00e7ekle\u015ftirilen Uluslararas\u0131 Tiflis Kupas\u0131\u2019nda m\u00fccadele etti. Ege Y\u0131ld\u0131zlar\u0131, turnuva boyunca Ukimerioni Kutaisi, Adjara&#8230;<\/p>\n","protected":false},"author":1,"featured_media":72252,"comment_status":"open","ping_status":"open","sticky":false,"template":"","format":"standard","meta":{"_crdt_document":"","footnotes":""},"categories":[4],"tags":[],"class_list":["post-72251","post","type-post","status-publish","format-standard","has-post-thumbnail","hentry","category-spor"],"_links":{"self":[{"href":"https:\/\/www.egemtv.com\/index.php?rest_route=\/wp\/v2\/posts\/72251","targetHints":{"allow":["GET"]}}],"collection":[{"href":"https:\/\/www.egemtv.com\/index.php?rest_route=\/wp\/v2\/posts"}],"about":[{"href":"https:\/\/www.egemtv.com\/index.php?rest_route=\/wp\/v2\/types\/post"}],"author":[{"embeddable":true,"href":"https:\/\/www.egemtv.com\/index.php?rest_route=\/wp\/v2\/users\/1"}],"replies":[{"embeddable":true,"href":"https:\/\/www.egemtv.com\/index.php?rest_route=%2Fwp%2Fv2%2Fcomments&post=72251"}],"version-history":[{"count":1,"href":"https:\/\/www.egemtv.com\/index.php?rest_route=\/wp\/v2\/posts\/72251\/revisions"}],"predecessor-version":[{"id":72253,"href":"https:\/\/www.egemtv.com\/index.php?rest_route=\/wp\/v2\/posts\/72251\/revisions\/72253"}],"wp:featuredmedia":[{"embeddable":true,"href":"https:\/\/www.egemtv.com\/index.php?rest_route=\/wp\/v2\/media\/72252"}],"wp:attachment":[{"href":"https:\/\/www.egemtv.com\/index.php?rest_route=%2Fwp%2Fv2%2Fmedia&parent=72251"}],"wp:term":[{"taxonomy":"category","embeddable":true,"href":"https:\/\/www.egemtv.com\/index.php?rest_route=%2Fwp%2Fv2%2Fcategories&post=72251"},{"taxonomy":"post_tag","embeddable":true,"href":"https:\/\/www.egemtv.com\/index.php?rest_route=%2Fwp%2Fv2%2Ftags&post=72251"}],"curies":[{"name":"wp","href":"https:\/\/api.w.org\/{rel}","templated":true}]}}